{"id":818,"date":"2012-01-05T13:04:53","date_gmt":"2012-01-05T11:04:53","guid":{"rendered":"http:\/\/www.terre-di-toscana.com\/?p=818"},"modified":"2012-01-05T13:04:53","modified_gmt":"2012-01-05T11:04:53","slug":"ristorante-sella","status":"publish","type":"post","link":"https:\/\/terre-di-toscana.com\/terreditoscana\/ristorante-sella\/","title":{"rendered":"Ristorante \u201cSella\u201d,"},"content":{"rendered":"<p><img decoding=\"async\" loading=\"lazy\" class=\"alignleft size-full wp-image-817\" title=\"clip_image001\" alt=\"\" src=\"http:\/\/terre-di-toscana.com\/terreditoscana\/wp-content\/uploads\/2012\/01\/clip_image0011.jpg\" width=\"230\" height=\"241\" \/><\/p>\n<p>Il Ristorante \u201cSella\u201d, situato sulla Vetta del Monte Amiata a 1650 metri di altitudine e si trova direttamente sulle piste da sci, a 30 metri dagli impianti di risalita.<\/p>\n<p>La sala ristorante \u00e8 particolarmente adatta per banchetti e cerimonie oltre a mettere a disposizione il servizio self-service, utile nei mesi invernali quando il pasto viene consumato tra una sciata e l\u2019altra.<\/p>\n<p>La cucina \u00e8 molto curata e ricca di piatti tipici toscani, a base di primizie della montagna. L\u2019attenzione\u00a0 per i prodotti di alta qualit\u00e0 provenienti dal nostro territorio \u00e8 una delle peculiarit\u00e0 di questa struttura.<\/p>\n<p>Il ristorante, qualit\u00e0 e tradizione\u2026Chef Palmieri Fedele<\/p>\n<p><em>Luogo ideale per cene o pranzi con amici o con la famiglia.<\/em><\/p>\n<p>Info e prenotazioni: info@terreditoscana.nte\u00a0\u00a0 &#8211;\u00a0 tel 0577 778324<\/p>\n","protected":false},"excerpt":{"rendered":"<p>Il Ristorante \u201cSella\u201d, situato sulla Vetta del Monte Amiata a 1650 metri di altitudine e si trova direttamente sulle piste da sci, a 30 metri dagli impianti di risalita. La sala ristorante \u00e8 particolarmente adatta per banchetti e cerimonie oltre a mettere a disposizione il servizio self-service, utile nei mesi invernali quando il pasto viene&hellip;<\/p>\n","protected":false},"author":1,"featured_media":0,"comment_status":"closed","ping_status":"open","sticky":false,"template":"","format":"standard","meta":[],"categories":[9,25],"tags":[],"_links":{"self":[{"href":"https:\/\/terre-di-toscana.com\/terreditoscana\/wp-json\/wp\/v2\/posts\/818"}],"collection":[{"href":"https:\/\/terre-di-toscana.com\/terreditoscana\/wp-json\/wp\/v2\/posts"}],"about":[{"href":"https:\/\/terre-di-toscana.com\/terreditoscana\/wp-json\/wp\/v2\/types\/post"}],"author":[{"embeddable":true,"href":"https:\/\/terre-di-toscana.com\/terreditoscana\/wp-json\/wp\/v2\/users\/1"}],"replies":[{"embeddable":true,"href":"https:\/\/terre-di-toscana.com\/terreditoscana\/wp-json\/wp\/v2\/comments?post=818"}],"version-history":[{"count":0,"href":"https:\/\/terre-di-toscana.com\/terreditoscana\/wp-json\/wp\/v2\/posts\/818\/revisions"}],"wp:attachment":[{"href":"https:\/\/terre-di-toscana.com\/terreditoscana\/wp-json\/wp\/v2\/media?parent=818"}],"wp:term":[{"taxonomy":"category","embeddable":true,"href":"https:\/\/terre-di-toscana.com\/terreditoscana\/wp-json\/wp\/v2\/categories?post=818"},{"taxonomy":"post_tag","embeddable":true,"href":"https:\/\/terre-di-toscana.com\/terreditoscana\/wp-json\/wp\/v2\/tags?post=818"}],"curies":[{"name":"wp","href":"https:\/\/api.w.org\/{rel}","templated":true}]}}