{"id":7731,"date":"2018-05-03T21:30:20","date_gmt":"2018-05-03T19:30:20","guid":{"rendered":"http:\/\/terre-di-toscana.com\/terreditoscana\/?p=7731"},"modified":"2018-05-04T11:18:48","modified_gmt":"2018-05-04T09:18:48","slug":"parconaturalemaremma","status":"publish","type":"post","link":"https:\/\/terre-di-toscana.com\/terreditoscana\/parconaturalemaremma\/","title":{"rendered":"Parco naturale Maremma"},"content":{"rendered":"<section class=\"wpb-content-wrapper\"><p>[vc_row][vc_column width=&#8221;2\/3&#8243;][vc_column_text]E\u2019 stato il primo parco della Regione Toscana. \u00c8 una delle mete pi\u00f9 interessanti della provincia grossetana. Al suo interno si trovano alcune aree di costa fra le pi\u00f9 belle e intatte del litorale maremmano. Il Parco ha un&#8217;estensione di 9800 ettari e si estende, lungo costa, dal paese di Principina a Mare (comune di Grosseto), fino al Paese di Talamone (comune di Orbetello). Per la visita sar\u00e0 necessaria la divisione del gruppo per la bellissima esperienza in canoa sul fiume Ombrone (7 km durata 2 ore circa) e per la visita in bici (lunghezza del percorso 14km). Nella mattina un gruppo andr\u00e0 in bicicletta percorrendo un itinerario del parco mentre l&#8217;altro gruppo scender\u00e0 per il fiume in canoa. Arrivati alla pausa pranzo i gruppi si invertiranno in modo da poter ognuno fare un escursione in bici ed una in canoa. Le canoe canadesi sono canoe stabilizzate (10-6 posti in totale), dotate di un sistema di antiribaltamento, praticamente inaffondabili, preparate per ospitare anche i non esperti.<br \/>\nIn ogni canoa \u00e8 presente una guida ambientale escursionista. Per i pi\u00f9 piccoli e su richiesta vengono forniti giubbotti salvagente.[\/vc_column_text][\/vc_column][vc_column width=&#8221;1\/3&#8243;]<style type=\"text\/css\" data-type=\"the7_shortcodes-inline-css\">.shortcode-single-image-wrap.shortcode-single-image-b0ba6a7368b2ac11e13128037a1e23d5.enable-bg-rollover .rollover i,\n.shortcode-single-image-wrap.shortcode-single-image-b0ba6a7368b2ac11e13128037a1e23d5.enable-bg-rollover .rollover-video i {\n  background: ;\n  background: -webkit-linear-gradient();\n  background: linear-gradient();\n}\n.shortcode-single-image-wrap.shortcode-single-image-b0ba6a7368b2ac11e13128037a1e23d5 .rollover-icon {\n  font-size: 32px;\n  color: #ffffff;\n  min-width: 44px;\n  min-height: 44px;\n  line-height: 44px;\n  border-radius: 100px;\n  border-style: solid;\n  border-width: 0px;\n}\n.dt-icon-bg-on.shortcode-single-image-wrap.shortcode-single-image-b0ba6a7368b2ac11e13128037a1e23d5 .rollover-icon {\n  background: rgba(255,255,255,0.3);\n  -webkit-box-shadow: none;\n  box-shadow: none;\n}\n<\/style><div class=\"shortcode-single-image-wrap shortcode-single-image-b0ba6a7368b2ac11e13128037a1e23d5 alignnone  enable-bg-rollover dt-icon-bg-off\" style=\"margin-top:0px; margin-bottom:0px; margin-left:0px; margin-right:0px; width:500px;\"><div class=\"shortcode-single-image\"><div class=\"fancy-media-wrap\" style=\"\"><a class=\"layzr-bg rollover rollover-zoom dt-pswp-item pswp-image\" href=\"https:\/\/terre-di-toscana.com\/terreditoscana\/wp-content\/uploads\/2018\/05\/canoa.jpg\" title=\"canoa\" data-dt-img-description=\"\" data-large_image_width=\"660\" data-large_image_height = \"368\"  style=\"\"><img class=\"preload-me lazy-load aspect\" src=\"data:image\/svg+xml,%3Csvg%20xmlns%3D&#39;http%3A%2F%2Fwww.w3.org%2F2000%2Fsvg&#39;%20viewBox%3D&#39;0%200%20500%20278&#39;%2F%3E\" data-src=\"https:\/\/terre-di-toscana.com\/terreditoscana\/wp-content\/uploads\/2018\/05\/canoa-500x278.jpg\" data-srcset=\"https:\/\/terre-di-toscana.com\/terreditoscana\/wp-content\/uploads\/2018\/05\/canoa-500x278.jpg 500w, https:\/\/terre-di-toscana.com\/terreditoscana\/wp-content\/uploads\/2018\/05\/canoa-660x366.jpg 660w\" loading=\"eager\" style=\"--ratio: 500 \/ 278\" sizes=\"(max-width: 500px) 100vw, 500px\" width=\"500\" height=\"278\"  data-dt-location=\"https:\/\/terre-di-toscana.com\/terreditoscana\/parconaturalemaremma\/canoa\/\" alt=\"\" \/><\/a><\/div><\/div><\/div>[\/vc_column][\/vc_row][vc_row title=&#8221;Come prepararsi&#8221; title_align=&#8221;left&#8221; title_size=&#8221;h3&#8243; title_color=&#8221;default&#8221; separator_style=&#8221;&#8221; el_width=&#8221;100&#8243; title_bg=&#8221;disabled&#8221; separator_color=&#8221;custom&#8221; custom_separator_color=&#8221;#ffa700&#8243; custom_title_color=&#8221;&#8221;][vc_column][vc_empty_space height=&#8221;25px&#8221;]<div class=\"dt-fancy-separator title-left h3-size\" style=\"width: 100%;\"><div class=\"dt-fancy-title\"><span class=\"separator-holder separator-left\" style=\"border-color: #ffa700;\"><\/span>Altre attivit\u00e0<span class=\"separator-holder separator-right\" style=\"border-color: #ffa700;\"><\/span><\/div><\/div>[vc_empty_space height=&#8221;25px&#8221;][vc_basic_grid post_type=&#8221;post&#8221; max_items=&#8221;-1&#8243; style=&#8221;load-more&#8221; element_width=&#8221;2&#8243; item=&#8221;5606&#8243; btn_title=&#8221;Visualizza altre attivit\u00e0&#8221; btn_color=&#8221;grey&#8221; btn_i_icon_fontawesome=&#8221;fa fa-arrow-circle-down&#8221; btn_add_icon=&#8221;true&#8221; grid_id=&#8221;vc_gid:1525425490244-ab26ee5a-c15b-7&#8243; taxonomies=&#8221;583&#8243; css=&#8221;.vc_custom_1516896894406{margin-bottom: 0px !important;padding-bottom: 0px !important;}&#8221;][\/vc_column][\/vc_row]<\/p>\n<\/section>","protected":false},"excerpt":{"rendered":"<p>[vc_row][vc_column width=&#8221;2\/3&#8243;][vc_column_text]E\u2019 stato il primo parco della Regione Toscana. \u00c8 una delle mete pi\u00f9 interessanti della provincia grossetana. Al suo interno si trovano alcune aree di costa fra le pi\u00f9 belle e intatte del litorale maremmano. Il Parco ha un&#8217;estensione di 9800 ettari e si estende, lungo costa, dal paese di Principina a Mare (comune&hellip;<\/p>\n","protected":false},"author":2,"featured_media":7733,"comment_status":"closed","ping_status":"closed","sticky":false,"template":"","format":"standard","meta":[],"categories":[583],"tags":[],"_links":{"self":[{"href":"https:\/\/terre-di-toscana.com\/terreditoscana\/wp-json\/wp\/v2\/posts\/7731"}],"collection":[{"href":"https:\/\/terre-di-toscana.com\/terreditoscana\/wp-json\/wp\/v2\/posts"}],"about":[{"href":"https:\/\/terre-di-toscana.com\/terreditoscana\/wp-json\/wp\/v2\/types\/post"}],"author":[{"embeddable":true,"href":"https:\/\/terre-di-toscana.com\/terreditoscana\/wp-json\/wp\/v2\/users\/2"}],"replies":[{"embeddable":true,"href":"https:\/\/terre-di-toscana.com\/terreditoscana\/wp-json\/wp\/v2\/comments?post=7731"}],"version-history":[{"count":4,"href":"https:\/\/terre-di-toscana.com\/terreditoscana\/wp-json\/wp\/v2\/posts\/7731\/revisions"}],"predecessor-version":[{"id":7755,"href":"https:\/\/terre-di-toscana.com\/terreditoscana\/wp-json\/wp\/v2\/posts\/7731\/revisions\/7755"}],"wp:featuredmedia":[{"embeddable":true,"href":"https:\/\/terre-di-toscana.com\/terreditoscana\/wp-json\/wp\/v2\/media\/7733"}],"wp:attachment":[{"href":"https:\/\/terre-di-toscana.com\/terreditoscana\/wp-json\/wp\/v2\/media?parent=7731"}],"wp:term":[{"taxonomy":"category","embeddable":true,"href":"https:\/\/terre-di-toscana.com\/terreditoscana\/wp-json\/wp\/v2\/categories?post=7731"},{"taxonomy":"post_tag","embeddable":true,"href":"https:\/\/terre-di-toscana.com\/terreditoscana\/wp-json\/wp\/v2\/tags?post=7731"}],"curies":[{"name":"wp","href":"https:\/\/api.w.org\/{rel}","templated":true}]}}