{"id":62,"date":"2010-06-23T12:02:16","date_gmt":"2010-06-23T10:02:16","guid":{"rendered":"http:\/\/www.terre-di-toscana.com\/?p=62"},"modified":"2010-06-23T12:02:16","modified_gmt":"2010-06-23T10:02:16","slug":"hotel-la-bocca-di-bacco","status":"publish","type":"post","link":"https:\/\/terre-di-toscana.com\/terreditoscana\/hotel-la-bocca-di-bacco\/","title":{"rendered":"Hotel La Bocca di Bacco"},"content":{"rendered":"<p>Il nostro punto di forza \u00e8 l&#8217;ottimo rapporto tra la qualit\u00e0 dei servizi e il suo piano tariffario.<\/p>\n<p>Molto apprezzato dalla sua clientela internazionale, \u00e8 scelto dal business man durante i giorni centrali della settimana, come da chi vuole trascorrere un weekend in Amiata.<\/p>\n<p>Un\u00a0hotel curato nei minimi dettagli, nel centro di Abbadia San Salvatore, dove l&#8217;ospite viene accolto e messo al centro di tutte le attenzioni.<br \/>\nL&#8217;Hotel ha 10 camere finemente ristrutturate, dotate di servizi privati, frigobar, cassaforte, TV, telefono. In pi\u00f9, per far fronte alle problematiche delle persone disabili, l&#8217;Hotel \u00e8 dotato di 2 camere matrimoniali con le strutture pi\u00f9 adatte per accoglierli.<\/p>\n\n\t\t\t<style type='text\/css'>\n\t\t\t\t#gallery-1 {\n\t\t\t\t\tmargin: auto;\n\t\t\t\t}\n\t\t\t\t#gallery-1 .gallery-item {\n\t\t\t\t\tfloat: left;\n\t\t\t\t\tmargin-top: 10px;\n\t\t\t\t\ttext-align: center;\n\t\t\t\t\twidth: 25%;\n\t\t\t\t}\n\t\t\t\t#gallery-1 img {\n\t\t\t\t\tborder: 2px solid #cfcfcf;\n\t\t\t\t}\n\t\t\t\t#gallery-1 .gallery-caption {\n\t\t\t\t\tmargin-left: 0;\n\t\t\t\t}\n\t\t\t\t\/* see gallery_shortcode() in wp-includes\/media.php *\/\n\t\t\t<\/style>\n\t\t<div id='gallery-1' class='dt-gallery-container gallery galleryid-62 gallery-columns-4 gallery-size-thumbnail'><dl class='gallery-item'>\n\t\t\t\t<dt class='gallery-icon landscape'>\n\t\t\t\t\t<a class=\"rollover rollover-zoom dt-pswp-item\" title=\"Albergo-Laboccadibacco-1\" data-dt-img-description=\"\" data-large_image_width=\"600\" data-large_image_height=\"400\"href='https:\/\/terre-di-toscana.com\/terreditoscana\/wp-content\/uploads\/2010\/06\/Albergo-Laboccadibacco-1.jpg'><img width=\"150\" height=\"150\" src=\"https:\/\/terre-di-toscana.com\/terreditoscana\/wp-content\/uploads\/2010\/06\/Albergo-Laboccadibacco-1-150x150.jpg\" class=\"attachment-thumbnail size-thumbnail\" alt=\"\" decoding=\"async\" loading=\"lazy\" srcset=\"https:\/\/terre-di-toscana.com\/terreditoscana\/wp-content\/uploads\/2010\/06\/Albergo-Laboccadibacco-1-150x150.jpg 150w, https:\/\/terre-di-toscana.com\/terreditoscana\/wp-content\/uploads\/2010\/06\/Albergo-Laboccadibacco-1-100x100.jpg 100w\" sizes=\"(max-width: 150px) 100vw, 150px\" \/><\/a>\n\t\t\t\t<\/dt><\/dl><dl class='gallery-item'>\n\t\t\t\t<dt class='gallery-icon landscape'>\n\t\t\t\t\t<a class=\"rollover rollover-zoom dt-pswp-item\" title=\"Albergo-Laboccadibacco-2\" data-dt-img-description=\"\" data-large_image_width=\"600\" data-large_image_height=\"400\"href='https:\/\/terre-di-toscana.com\/terreditoscana\/wp-content\/uploads\/2010\/06\/Albergo-Laboccadibacco-2.jpg'><img width=\"150\" height=\"150\" src=\"https:\/\/terre-di-toscana.com\/terreditoscana\/wp-content\/uploads\/2010\/06\/Albergo-Laboccadibacco-2-150x150.jpg\" class=\"attachment-thumbnail size-thumbnail\" alt=\"\" decoding=\"async\" loading=\"lazy\" srcset=\"https:\/\/terre-di-toscana.com\/terreditoscana\/wp-content\/uploads\/2010\/06\/Albergo-Laboccadibacco-2-150x150.jpg 150w, https:\/\/terre-di-toscana.com\/terreditoscana\/wp-content\/uploads\/2010\/06\/Albergo-Laboccadibacco-2-100x100.jpg 100w\" sizes=\"(max-width: 150px) 100vw, 150px\" \/><\/a>\n\t\t\t\t<\/dt><\/dl><dl class='gallery-item'>\n\t\t\t\t<dt class='gallery-icon landscape'>\n\t\t\t\t\t<a class=\"rollover rollover-zoom dt-pswp-item\" title=\"Albergo-Laboccadibacco-3\" data-dt-img-description=\"\" data-large_image_width=\"600\" data-large_image_height=\"400\"href='https:\/\/terre-di-toscana.com\/terreditoscana\/wp-content\/uploads\/2010\/06\/Albergo-Laboccadibacco-3.jpg'><img width=\"150\" height=\"150\" src=\"https:\/\/terre-di-toscana.com\/terreditoscana\/wp-content\/uploads\/2010\/06\/Albergo-Laboccadibacco-3-150x150.jpg\" class=\"attachment-thumbnail size-thumbnail\" alt=\"\" decoding=\"async\" loading=\"lazy\" srcset=\"https:\/\/terre-di-toscana.com\/terreditoscana\/wp-content\/uploads\/2010\/06\/Albergo-Laboccadibacco-3-150x150.jpg 150w, https:\/\/terre-di-toscana.com\/terreditoscana\/wp-content\/uploads\/2010\/06\/Albergo-Laboccadibacco-3-100x100.jpg 100w\" sizes=\"(max-width: 150px) 100vw, 150px\" \/><\/a>\n\t\t\t\t<\/dt><\/dl><dl class='gallery-item'>\n\t\t\t\t<dt class='gallery-icon landscape'>\n\t\t\t\t\t<a class=\"rollover rollover-zoom dt-pswp-item\" title=\"Albergo-Laboccadibacco-5\" data-dt-img-description=\"\" data-large_image_width=\"600\" data-large_image_height=\"400\"href='https:\/\/terre-di-toscana.com\/terreditoscana\/wp-content\/uploads\/2010\/06\/Albergo-Laboccadibacco-5.jpg'><img width=\"150\" height=\"150\" src=\"https:\/\/terre-di-toscana.com\/terreditoscana\/wp-content\/uploads\/2010\/06\/Albergo-Laboccadibacco-5-150x150.jpg\" class=\"attachment-thumbnail size-thumbnail\" alt=\"\" decoding=\"async\" loading=\"lazy\" srcset=\"https:\/\/terre-di-toscana.com\/terreditoscana\/wp-content\/uploads\/2010\/06\/Albergo-Laboccadibacco-5-150x150.jpg 150w, https:\/\/terre-di-toscana.com\/terreditoscana\/wp-content\/uploads\/2010\/06\/Albergo-Laboccadibacco-5-100x100.jpg 100w\" sizes=\"(max-width: 150px) 100vw, 150px\" \/><\/a>\n\t\t\t\t<\/dt><\/dl><br style=\"clear: both\" \/>\n\t\t\t<\/div>\n\n","protected":false},"excerpt":{"rendered":"<p>Il nostro punto di forza \u00e8 l&#8217;ottimo rapporto tra la qualit\u00e0 dei servizi e il suo piano tariffario. Molto apprezzato dalla sua clientela internazionale, \u00e8 scelto dal business man durante i giorni centrali della settimana, come da chi vuole trascorrere un weekend in Amiata. Un\u00a0hotel curato nei minimi dettagli, nel centro di Abbadia San Salvatore,&hellip;<\/p>\n","protected":false},"author":1,"featured_media":0,"comment_status":"closed","ping_status":"open","sticky":false,"template":"","format":"standard","meta":[],"categories":[13],"tags":[],"_links":{"self":[{"href":"https:\/\/terre-di-toscana.com\/terreditoscana\/wp-json\/wp\/v2\/posts\/62"}],"collection":[{"href":"https:\/\/terre-di-toscana.com\/terreditoscana\/wp-json\/wp\/v2\/posts"}],"about":[{"href":"https:\/\/terre-di-toscana.com\/terreditoscana\/wp-json\/wp\/v2\/types\/post"}],"author":[{"embeddable":true,"href":"https:\/\/terre-di-toscana.com\/terreditoscana\/wp-json\/wp\/v2\/users\/1"}],"replies":[{"embeddable":true,"href":"https:\/\/terre-di-toscana.com\/terreditoscana\/wp-json\/wp\/v2\/comments?post=62"}],"version-history":[{"count":0,"href":"https:\/\/terre-di-toscana.com\/terreditoscana\/wp-json\/wp\/v2\/posts\/62\/revisions"}],"wp:attachment":[{"href":"https:\/\/terre-di-toscana.com\/terreditoscana\/wp-json\/wp\/v2\/media?parent=62"}],"wp:term":[{"taxonomy":"category","embeddable":true,"href":"https:\/\/terre-di-toscana.com\/terreditoscana\/wp-json\/wp\/v2\/categories?post=62"},{"taxonomy":"post_tag","embeddable":true,"href":"https:\/\/terre-di-toscana.com\/terreditoscana\/wp-json\/wp\/v2\/tags?post=62"}],"curies":[{"name":"wp","href":"https:\/\/api.w.org\/{rel}","templated":true}]}}