{"id":5700,"date":"2018-01-26T12:21:00","date_gmt":"2018-01-26T11:21:00","guid":{"rendered":"http:\/\/terre-di-toscana.com\/terreditoscana\/?p=5700"},"modified":"2018-02-28T17:49:57","modified_gmt":"2018-02-28T16:49:57","slug":"riserva-naturale-bosco-santissima-trinita","status":"publish","type":"post","link":"https:\/\/terre-di-toscana.com\/terreditoscana\/riserva-naturale-bosco-santissima-trinita\/","title":{"rendered":"Riserva Naturale Bosco S.S. Trinit\u00e0"},"content":{"rendered":"<section class=\"wpb-content-wrapper\"><p>[vc_row css=&#8221;.vc_custom_1516965752407{padding-bottom: 35px !important;}&#8221;][vc_column][vc_column_text]La Riserva Naturale Bosco della S.S.Trinit\u00e0 si trova nel comune di Santa Fiora e si estende per 37 ettari lungo l\u2019Alta Valle del Fiora.<\/p>\n<p>L\u2019area \u00e8 caratterizzata dalla presenza di un nucleo relitto di Abete bianco, entit\u00e0 endemica dell\u2019Appennino.\u00a0L\u2019altitudine oscilla fra i 600 e 720 metri s.l.m. ed interessa il versante ovest del Monte Calvo.<\/p>\n<p>All\u2019interno dell\u2019Area Protetta si trova il Convento Francescano della S.S. Trinit\u00e0, di notevole importanza storica.[\/vc_column_text][\/vc_column][\/vc_row][vc_row title=&#8221;Come prepararsi&#8221; title_align=&#8221;left&#8221; title_size=&#8221;h3&#8243; title_color=&#8221;default&#8221; separator_style=&#8221;&#8221; el_width=&#8221;100&#8243; title_bg=&#8221;disabled&#8221; separator_color=&#8221;custom&#8221; custom_separator_color=&#8221;#ffa700&#8243; custom_title_color=&#8221;&#8221;][vc_column width=&#8221;1\/2&#8243;]<div class=\"dt-fancy-separator title-left h3-size\" style=\"width: 100%;\"><div class=\"dt-fancy-title\"><span class=\"separator-holder separator-left\" style=\"border-color: #ffa700;\"><\/span>Vegetazione<span class=\"separator-holder separator-right\" style=\"border-color: #ffa700;\"><\/span><\/div><\/div>[vc_empty_space height=&#8221;25px&#8221;][vc_column_text]L\u2019abete bianco nella zona pi\u00f9 a Sud lascia spazio ad una mescolanza di specie tra cui troviamo: il tiglio, il faggio, il carpino, l\u2019acero, il castagno, la quercia, il frassino, l\u2019olmo e il nocciolo. La presenza dell\u2019abete bianco a quote relativamente modeste (fra i 600 e i 720 metri) \u00e8 documentata fin dall\u2019antichit\u00e0; le grandi dimensioni, il portamento colonnare e slanciato e l\u2019essere sempre verde sono le peculiarit\u00e0 di questo albero che nella Riserva Naturale si presenta ancora in splendide condizioni.<\/p>\n<p>Fra le specie del sottobosco troviamo il pungitopo e l\u2019agrifoglio; nelle zone umide o ripariali sono presenti: l\u2019equiseto, la berretta del prete (o fusaggine), il sanguinello e il salice da vimini.[\/vc_column_text][\/vc_column][vc_column width=&#8221;1\/2&#8243;]<div class=\"dt-fancy-separator title-left h3-size\" style=\"width: 100%;\"><div class=\"dt-fancy-title\"><span class=\"separator-holder separator-left\" style=\"border-color: #ffa700;\"><\/span>Fauna<span class=\"separator-holder separator-right\" style=\"border-color: #ffa700;\"><\/span><\/div><\/div>[vc_empty_space height=&#8221;25px&#8221;][vc_column_text]Nella Riserva Naturale e nelle zone limitrofe che conservano un buon livello di naturalit\u00e0, \u00e8 possibile osservare una comunit\u00e0 ornitica diversificata, tra cui spiccano numerosi rapaci quali il biancone, il falco pecchiaiolo, lo sparviero, la poiana ed il lodolaio. La ricchezza e l\u2019integrit\u00e0 degli ecosistemi dell\u2019Area Protetta, consente la presenza sia dei rapaci forestali che di altre specie tipiche dei territori aperti.<\/p>\n<p>All\u2019interno della Riserva Naturale \u00e8 presente un laghetto dove si ipotizza l\u2019introduzione della trota a fini riproduttivi per il ripopolamento del fiume Fiora.[\/vc_column_text][\/vc_column][\/vc_row][vc_row title=&#8221;Come prepararsi&#8221; title_align=&#8221;left&#8221; title_size=&#8221;h3&#8243; title_color=&#8221;default&#8221; separator_style=&#8221;&#8221; el_width=&#8221;100&#8243; title_bg=&#8221;disabled&#8221; separator_color=&#8221;custom&#8221; custom_separator_color=&#8221;#ffa700&#8243; custom_title_color=&#8221;&#8221;][vc_column]<div class=\"dt-fancy-separator title-left h3-size\" style=\"width: 100%;\"><div class=\"dt-fancy-title\"><span class=\"separator-holder separator-left\" style=\"border-color: #ffa700;\"><\/span>Il Convento di Santissima Trinit\u00e0<span class=\"separator-holder separator-right\" style=\"border-color: #ffa700;\"><\/span><\/div><\/div>[vc_empty_space height=&#8221;25px&#8221;][\/vc_column][\/vc_row][vc_row type=&#8221;uploaded_image&#8221; image_id=&#8221;5433&#8243; image=&#8221;&#8221; image_dimensions=&#8221;&#8221; image_alt=&#8221;&#8221; media=&#8221;&#8221; onclick=&#8221;lightbox&#8221; image_link=&#8221;&#8221; custom_link_target=&#8221;_self&#8221; image_hovers=&#8221;true&#8221; style=&#8221;1&#8243; width=&#8221;500&#8243; height=&#8221;&#8221; border_radius=&#8221;&#8221; padding=&#8221;&#8221; margin_top=&#8221;&#8221; margin_bottom=&#8221;&#8221; margin_left=&#8221;&#8221; margin_right=&#8221;&#8221; align=&#8221;center&#8221; image_decoration=&#8221;none&#8221; shadow_h_length=&#8221;5px&#8221; shadow_v_length=&#8221;5px&#8221; shadow_blur_radius=&#8221;5px&#8221; shadow_spread=&#8221;5px&#8221; shadow_color=&#8221;rgba(0,0,0,0.6)&#8221; animation=&#8221;&#8221; extra_class=&#8221;&#8221;][vc_column width=&#8221;1\/2&#8243;][vc_column_text]All\u2019interno della Riserva Naturale \u00e8 presente il Convento Francescano della S.S. Trinit\u00e0, di notevole importanza storica. Secondo una leggenda popolare il Convento della S.S. Trinit\u00e0 fu costruito per ricordare il Conte Guido Sforza del 1400 che uccise un drago che terrorizzava gli abitanti tagliandogli verticalmente la testa in due parti; una met\u00e0 fu mandata al Papa, l\u2019altra rest\u00f2 al Convento.<\/p>\n<p>La religiosit\u00e0 del popolo della Selva deriva dalla sua stessa origine, essendosi sviluppato intorno al Convento, santuario molto noto fino alla Maremma. Qui si veniva in pellegrinaggio a piedi e i nobili fin dal Medioevo elargivano lasciti per assicurarsi la salvezza dell\u2019anima.<\/p>\n<p>Il convento dal 1490 al 1990 \u00e8 stato abitato quasi ininterrottamente dai Frati Minori Francescani; la vita religiosa del popolo si manifestava seguendo le funzioni religiose ed andando al convento a piedi nei giorni di festa.<\/p>\n<p>Dagli atti si scopre che erano molte le associazioni laicali nel paese tra cui la Confraternita della Misericordia, efficientissima, ben organizzata e tuttora attiva.<\/p>\n<p>Nei pressi del Convento, sempre all\u2019interno della Riserva Naturale, \u00e8 presente una fontana denominata Fontana del Papa.[\/vc_column_text][\/vc_column][vc_column width=&#8221;1\/2&#8243;]<style type=\"text\/css\" data-type=\"the7_shortcodes-inline-css\">.shortcode-single-image-wrap.shortcode-single-image-cdb93e0144c9621a93ed8ca3f082cdd7.enable-bg-rollover .rollover i,\n.shortcode-single-image-wrap.shortcode-single-image-cdb93e0144c9621a93ed8ca3f082cdd7.enable-bg-rollover .rollover-video i {\n  background: ;\n  background: -webkit-linear-gradient();\n  background: linear-gradient();\n}\n.shortcode-single-image-wrap.shortcode-single-image-cdb93e0144c9621a93ed8ca3f082cdd7 .rollover-icon {\n  font-size: 32px;\n  color: #ffffff;\n  min-width: 44px;\n  min-height: 44px;\n  line-height: 44px;\n  border-radius: 100px;\n  border-style: solid;\n  border-width: 0px;\n}\n.dt-icon-bg-on.shortcode-single-image-wrap.shortcode-single-image-cdb93e0144c9621a93ed8ca3f082cdd7 .rollover-icon {\n  background: rgba(255,255,255,0.3);\n  -webkit-box-shadow: none;\n  box-shadow: none;\n}\n<\/style><div class=\"shortcode-single-image-wrap shortcode-single-image-cdb93e0144c9621a93ed8ca3f082cdd7 alignnone  enable-bg-rollover dt-icon-bg-off\" style=\"margin-top:0px; margin-bottom:0px; margin-left:0px; margin-right:0px; width:600px;\"><div class=\"shortcode-single-image\"><div class=\"fancy-media-wrap\" style=\"\"><a class=\"layzr-bg rollover rollover-zoom dt-pswp-item pswp-image\" href=\"https:\/\/terre-di-toscana.com\/terreditoscana\/wp-content\/uploads\/2018\/01\/trinity.jpg\" title=\"trinity\" data-dt-img-description=\"\" data-large_image_width=\"800\" data-large_image_height = \"533\"  style=\"\"><img class=\"preload-me lazy-load aspect\" src=\"data:image\/svg+xml,%3Csvg%20xmlns%3D&#39;http%3A%2F%2Fwww.w3.org%2F2000%2Fsvg&#39;%20viewBox%3D&#39;0%200%20600%20399&#39;%2F%3E\" data-src=\"https:\/\/terre-di-toscana.com\/terreditoscana\/wp-content\/uploads\/2018\/01\/trinity-600x399.jpg\" data-srcset=\"https:\/\/terre-di-toscana.com\/terreditoscana\/wp-content\/uploads\/2018\/01\/trinity-600x399.jpg 600w, https:\/\/terre-di-toscana.com\/terreditoscana\/wp-content\/uploads\/2018\/01\/trinity.jpg 800w\" loading=\"eager\" style=\"--ratio: 600 \/ 399\" sizes=\"(max-width: 600px) 100vw, 600px\" width=\"600\" height=\"399\"  data-dt-location=\"https:\/\/terre-di-toscana.com\/terreditoscana\/riserva-naturale-bosco-santissima-trinita\/trinity\/\" alt=\"\" \/><\/a><\/div><\/div><\/div>[\/vc_column][\/vc_row]<\/p>\n<\/section>","protected":false},"excerpt":{"rendered":"<p>[vc_row css=&#8221;.vc_custom_1516965752407{padding-bottom: 35px !important;}&#8221;][vc_column][vc_column_text]La Riserva Naturale Bosco della S.S.Trinit\u00e0 si trova nel comune di Santa Fiora e si estende per 37 ettari lungo l\u2019Alta Valle del Fiora. L\u2019area \u00e8 caratterizzata dalla presenza di un nucleo relitto di Abete bianco, entit\u00e0 endemica dell\u2019Appennino.\u00a0L\u2019altitudine oscilla fra i 600 e 720 metri s.l.m. ed interessa il versante ovest&hellip;<\/p>\n","protected":false},"author":1,"featured_media":6888,"comment_status":"closed","ping_status":"closed","sticky":false,"template":"","format":"standard","meta":[],"categories":[585],"tags":[],"_links":{"self":[{"href":"https:\/\/terre-di-toscana.com\/terreditoscana\/wp-json\/wp\/v2\/posts\/5700"}],"collection":[{"href":"https:\/\/terre-di-toscana.com\/terreditoscana\/wp-json\/wp\/v2\/posts"}],"about":[{"href":"https:\/\/terre-di-toscana.com\/terreditoscana\/wp-json\/wp\/v2\/types\/post"}],"author":[{"embeddable":true,"href":"https:\/\/terre-di-toscana.com\/terreditoscana\/wp-json\/wp\/v2\/users\/1"}],"replies":[{"embeddable":true,"href":"https:\/\/terre-di-toscana.com\/terreditoscana\/wp-json\/wp\/v2\/comments?post=5700"}],"version-history":[{"count":5,"href":"https:\/\/terre-di-toscana.com\/terreditoscana\/wp-json\/wp\/v2\/posts\/5700\/revisions"}],"predecessor-version":[{"id":6890,"href":"https:\/\/terre-di-toscana.com\/terreditoscana\/wp-json\/wp\/v2\/posts\/5700\/revisions\/6890"}],"wp:featuredmedia":[{"embeddable":true,"href":"https:\/\/terre-di-toscana.com\/terreditoscana\/wp-json\/wp\/v2\/media\/6888"}],"wp:attachment":[{"href":"https:\/\/terre-di-toscana.com\/terreditoscana\/wp-json\/wp\/v2\/media?parent=5700"}],"wp:term":[{"taxonomy":"category","embeddable":true,"href":"https:\/\/terre-di-toscana.com\/terreditoscana\/wp-json\/wp\/v2\/categories?post=5700"},{"taxonomy":"post_tag","embeddable":true,"href":"https:\/\/terre-di-toscana.com\/terreditoscana\/wp-json\/wp\/v2\/tags?post=5700"}],"curies":[{"name":"wp","href":"https:\/\/api.w.org\/{rel}","templated":true}]}}