{"id":52,"date":"2010-06-22T16:16:56","date_gmt":"2010-06-22T14:16:56","guid":{"rendered":"http:\/\/www.terre-di-toscana.com\/?p=52"},"modified":"2010-06-22T16:16:56","modified_gmt":"2010-06-22T14:16:56","slug":"amiata-senza-fretta-a-tavola","status":"publish","type":"post","link":"https:\/\/terre-di-toscana.com\/terreditoscana\/amiata-senza-fretta-a-tavola\/","title":{"rendered":"Amiata senza fretta&#8230; a tavola"},"content":{"rendered":"<p><img decoding=\"async\" loading=\"lazy\" class=\"alignright size-full wp-image-139\" title=\"Cripta dell'Abbazia\" alt=\"\" src=\"http:\/\/terre-di-toscana.com\/terreditoscana\/wp-content\/uploads\/2010\/06\/cripta.jpg\" width=\"180\" height=\"240\" \/>(6 notti \u2013 7 giorni)<\/p>\n<p><strong><em>1\u00b0 giorno<\/em><\/strong><\/p>\n<h4>Abbadia San Salvatore<\/h4>\n<p>Arrivo e sistemazione nella struttura prescelta (hotel, B&amp;B, agriturismo, riserve).<br \/>\nIncontro con il nostro assistente e consegna del materiale necessario per lo svolgimento del tour.<br \/>\nNel pomeriggio visita al centro storico di Abbadia San Salvatore e dell\u2019antica Abbazia; uno dei luoghi pi\u00f9 belli della zona.<br \/>\nCena a base dei prodotti di stagione.<\/p>\n<p><strong><em>2\u00b0 giorno<\/em><\/strong><\/p>\n<h4>Riserva Naturalistica del Pigelleto<\/h4>\n<p>Escursione nella Riserva Naturalistica del Pigelleto alla ricerca di erbe e di prodotti del bosco da usare in cucina.<br \/>\nPranzo tipico e classe di cucina: la pasta fatta a mano e i condimenti \u201cnaturali\u201d.<br \/>\nPer cena degustazione delle pietanze preparate durante la lezione di cucina e di altre ghiotte specialit\u00e0 della montagna.<\/p>\n<p><strong><em>3\u00b0 giorno<\/em><\/strong><\/p>\n<h4>Val d\u2019Orcia &#8211; Val di Chiana<\/h4>\n<p>Intera giornata in Val d\u2019Orcia. Visita di Pienza e Montepulciano.<br \/>\nProseguimento per Bagno Vignoni e pranzo in fattoria, con degustazione di verdure fresche, formaggio, olio e vino di produzione propria.<br \/>\nNel pomeriggio tempo a disposizione per godere delle splendide acque termali. Cena in hotel.<\/p>\n<p><strong><em>4\u00b0 giorno<\/em><\/strong><\/p>\n<h4>Siena &#8211; Montalcino<\/h4>\n<p>Partenza per Siena e visita guidata. Circondata dagli ulivi e dalle vigne del Chianti, Siena \u00e8 una delle citt\u00e0 pi\u00f9 belle della Toscana. Sorta sulla cima di tre colli, la citt\u00e0 \u00e8 percorsa da ampi viali e stretti vicoli, che conducono al cuore della citt\u00e0, Piazza del Campo e a tutti gli altri edifici di richiamo culturale come il Duomo e lo Spedale di Santa Maria della Scala.<br \/>\nFamosa per il Palio, la corsa storica a cavallo, che si tiene ogni anno il 2 di luglio ed il 16 di agosto, Siena \u00e8 anche sede di una delle pi\u00f9 antiche Universit\u00e0 d&#8217;Europa.<br \/>\nPranzo in ristorante tipico. Nel pomeriggio visita nella terra del Brunello. Montalcino e Sant\u2019Antimo.<br \/>\nDegustazione del celebre Brunello. Rientro in hotel. Cena.<\/p>\n<p><strong><em>5\u00b0 giorno<\/em><\/strong><\/p>\n<h4><strong>Sport e Sapori<\/strong><\/h4>\n<p>Pici, polenta e cinghiale. I piatti della tradizione amiatina da gustare in un tipico chalet di montagna, in estate con i tavoli all\u2019aperto.<br \/>\nE quando la montagna \u00e8 sotto una bianca coltre di neve, nelle intime sale della taverna ristorante, davanti al caminetto.<br \/>\nPrima del pranzo classe di cucina, per vedere le mani sapienti del cuoco cucinare questi piatti tradizionali.<br \/>\nNel pomeriggio escursione nei boschi con le racchette da nordic walking o in inverno con le racchette da neve.<br \/>\nCena in hotel.<\/p>\n<p><strong><em>6\u00b0 giorno<\/em><\/strong><\/p>\n<h4>Giardino di Daniel Spoerri<\/h4>\n<p>All&#8217;inizio degli anni &#8217;90 l&#8217;artista svizzero Daniel Spoerri ha cominciato ad installare un parco di sculture nell&#8217;Amiata. \u201cIl Giardino di Daniel Spoerri\u201d \u00e8 stato aperto al pubblico, e ora pu\u00f2 essere visitato da Pasqua fino ad ottobre. Attualmente ci sono 87 opere di 42 artisti diversi, da scoprire in un terreno di ca. 16 ettari.<br \/>\nNel 1997 \u201cIl Giardino di Daniel Spoerri\u201d \u00e8 stato riconosciuto e inaugurato ufficialmente come Fondazione dal Ministero della Cultura.<br \/>\nPranzo a base di \u201cscottiglia\u201d. Nel pomeriggio visita dei borghi che circondano l\u2019Amiata. Cena in hotel.<\/p>\n<p><strong><em>7\u00b0 giorno<\/em><\/strong><\/p>\n<h4>I vini<\/h4>\n<p>Visita in azienda agricola. Illustrazione delle tecnice di lavorazione e degustazione di vini amiatini e del vino Nobile di Montepulciano. Pranzo in azienda. Nel pomeriggio partenza.<\/p>\n<div class=\"special-box\">\n<p><img decoding=\"async\" loading=\"lazy\" class=\"size-full wp-image-54 alignright\" alt=\"\" src=\"http:\/\/terre-di-toscana.com\/terreditoscana\/wp-content\/uploads\/2010\/06\/saporiamiata.jpg\" width=\"200\" height=\"226\" \/><\/p>\n<h2>Cosa c\u2019\u00e8 di speciale?<\/h2>\n<p>La polenta di castagne e il castagnaccio, i buglioni di cinghiale o di agnello, i salumi di cinta senese e la pasta fatta a mano, le zuppe e i dolci tipici delle feste ricorrenti: non sono che alcune delle delizie che questo territorio \u00e8 in grado di offrire, tutte a base di ingredienti di altissima qualit\u00e0 rintracciabili fino all\u2019origine: funghi e castagne, erbe spontanee e vitigni autoctoni. Ogni ristorante ha la sua specialit\u00e0, ogni chef la sua storia da raccontare.<\/p>\n<h2>I servizi<\/h2>\n<ul>\n<li>Pranzi o cene tipiche in locande, osterie, enoteche o rifugi \u2013 a partire da euro 15<\/li>\n<li>Pasti tipici e biologici \u2013 a partire da euro 20<\/li>\n<li>Corsi di cucina locale con pranzo o cena inclusi: preparazione di un m\u00e9nu tipico a base di pasta fatta in casa o pane o carne locale, visita dei mercati, delle cantine, delle boutiques enogastronomiche (possibilit\u00e0 di shopping) &#8211; a partire da euro 50<\/li>\n<li>Raccolta stagionale dell\u2019uva o delle olive in agriturismo con pranzo\/degustazione dei prodotti dell\u2019azienda \u2013 a partire da euro 30<\/li>\n<li>Visita di aziende di produzione biologica di prodotti della terra o di allevamenti (cinta senese, agnellone amiatino) o di caseifici (formaggi, ricotta e cos\u00ec via) con degustazione \u2013 a partire da euro 20<\/li>\n<li>Visita in distilleria con degustazione di liquori e distillati a base di erbe spontanee e di frutti del sottobosco &#8211; a partire da euro 5<\/li>\n<li>Visita di cantine con degustazione di vino e olio nella zona di produzione dell\u2019Orcia doc, del Montecucco doc, del Brunello e del Nobile \u2013 a partire da euro 10<\/li>\n<li>Visite guidate alla ricerca di funghi, castagne, erbe spontanee, orchidee a partire da euro 10<\/li>\n<\/ul>\n<h2>Quando: tutto l\u2019anno in libert\u00e0<\/h2>\n<p>In piena autonomia si potr\u00e0 effettuare il programma, con la prenotazione di tutti i servizi:<br \/>\nhotel\/agriturismo, pasti, ingressi e noleggio attrezzature.<\/p>\n<\/div>\n<div class=\"special-box-due\">\n<h2>Speciale visite guidate<\/h2>\n<p>Per tutti i programmi nelle seguenti date le escursioni sono guidate.<\/p>\n<p>Partenze garantite:<\/p>\n<ul>\n<li>2\u00b0 e 4\u00b0 week end di marzo<\/li>\n<li>Pasqua<\/li>\n<li>Ponte del 25 aprile<\/li>\n<li>Ponte del 1 maggio<\/li>\n<li>Ponte del 2 giugno<\/li>\n<li>Luglio e agosto<\/li>\n<li>Tutti i week end di ottobre<\/li>\n<li>Festivit\u00e0 di Ognissanti<\/li>\n<\/ul>\n<p>Altre date possono essere inserite nel circuito dei Tour Guidati secondo le Vostre richieste.<br \/>\nNon esitate a contattarci. <strong>Per gruppi di minimo 15 persone quote su richiesta<\/strong>.<\/p>\n<h2>La nostra offerta<\/h2>\n<p><strong>Amiata senza fretta&#8230; a tavola<\/strong> da euro 610<br \/>\n<strong>Il laboratorio dei sensi<\/strong> da euro 410<br \/>\n<strong>I luoghi del gusto<\/strong> da euro 220<\/p>\n<p>Supplemento visite guidate:<br \/>\n<strong>Amiata senza fretta&#8230; a tavola<\/strong> da euro 80<br \/>\n<strong>Il laboratorio dei sensi<\/strong> da euro 45<br \/>\n<strong>I luoghi del gusto<\/strong> da euro 40<\/p>\n<p>Supplementi e riduzioni:<\/p>\n<p>Suppl. singola euro 10 al giorno, rid. 3\u00b0 letto adulto 10%, bambini 0\/2 gratuiti, bambini 2\/9 50%, bambini 9\/12 30%.<\/p>\n<p>Supplemento alta stagione (1\/8-20\/8 e 27\/12-3\/1) euro 10 al giorno per persona.<\/p>\n<h2>La nostra assistenza<\/h2>\n<p>All\u2019arrivo il nostro assistente consegner\u00e0 mappe, voucher e tutto il materiale necessario allo svolgimento delle visite e delle escursioni.<\/p>\n<h2>\u00c8 compreso<\/h2>\n<p>Soggiorno nella struttura prescelta con prima colazione, tutti i pasti e le degustazioni come da programma, ingressi, guide naturalistiche e artistiche (nei tour guidati), consegna materiale e noleggio attrezzatura, assistenza.<\/p>\n<h2>Non \u00e8 compreso<\/h2>\n<p>Le attivit\u00e0 indicate come facoltative, i trasferimenti, bevande ai pasti ed extra in genere.<\/p>\n<h3>IAT TERRE SIENA ufficio di Abbadia San Salvatore<\/h3>\n<p>Tel. 0577 775811 &#8211; 0577241760<\/p>\n<p>Copertura tecnica: Destriero Viaggi<\/p>\n<\/div>\n","protected":false},"excerpt":{"rendered":"<p>(6 notti \u2013 7 giorni) Abbadia San Salvatore, Parco del Pigelleto, Val d&#8217;Orcia, Val di Chiana, Siena, Montalcino, Giardino di Daniel Spoerri. Sport e sapori, i vini.<\/p>\n","protected":false},"author":1,"featured_media":0,"comment_status":"closed","ping_status":"open","sticky":false,"template":"","format":"standard","meta":[],"categories":[20,39,40,42],"tags":[],"_links":{"self":[{"href":"https:\/\/terre-di-toscana.com\/terreditoscana\/wp-json\/wp\/v2\/posts\/52"}],"collection":[{"href":"https:\/\/terre-di-toscana.com\/terreditoscana\/wp-json\/wp\/v2\/posts"}],"about":[{"href":"https:\/\/terre-di-toscana.com\/terreditoscana\/wp-json\/wp\/v2\/types\/post"}],"author":[{"embeddable":true,"href":"https:\/\/terre-di-toscana.com\/terreditoscana\/wp-json\/wp\/v2\/users\/1"}],"replies":[{"embeddable":true,"href":"https:\/\/terre-di-toscana.com\/terreditoscana\/wp-json\/wp\/v2\/comments?post=52"}],"version-history":[{"count":0,"href":"https:\/\/terre-di-toscana.com\/terreditoscana\/wp-json\/wp\/v2\/posts\/52\/revisions"}],"wp:attachment":[{"href":"https:\/\/terre-di-toscana.com\/terreditoscana\/wp-json\/wp\/v2\/media?parent=52"}],"wp:term":[{"taxonomy":"category","embeddable":true,"href":"https:\/\/terre-di-toscana.com\/terreditoscana\/wp-json\/wp\/v2\/categories?post=52"},{"taxonomy":"post_tag","embeddable":true,"href":"https:\/\/terre-di-toscana.com\/terreditoscana\/wp-json\/wp\/v2\/tags?post=52"}],"curies":[{"name":"wp","href":"https:\/\/api.w.org\/{rel}","templated":true}]}}