{"id":479,"date":"2011-04-19T16:48:08","date_gmt":"2011-04-19T14:48:08","guid":{"rendered":"http:\/\/www.terre-di-toscana.com\/?p=479"},"modified":"2011-04-19T16:48:08","modified_gmt":"2011-04-19T14:48:08","slug":"da-visitare-nei-dintorni","status":"publish","type":"post","link":"https:\/\/terre-di-toscana.com\/terreditoscana\/da-visitare-nei-dintorni\/","title":{"rendered":"Da visitare nei dintorni"},"content":{"rendered":"<p><strong><span style=\"text-decoration: underline;\">BAGNO VIGNONI<\/span><\/strong><\/p>\n<p><strong>Bagno Vignoni<\/strong>, immerso nella Val d\u2019Orcia, \u00e8 un borgo unico al mondo: la piazza centrale \u00e8 occupata da una grande <a rel=\"shadowbox[post-405];player=img;\" href=\"http:\/\/terre-di-toscana.com\/terreditoscana\/wp-content\/uploads\/2011\/01\/BAGNI_VIGNONI_01.jpg\"><img decoding=\"async\" loading=\"lazy\" title=\"BAGNI_VIGNONI_01\" src=\"http:\/\/terre-di-toscana.com\/terreditoscana\/wp-content\/uploads\/2011\/01\/BAGNI_VIGNONI_01.jpg\" alt=\"\" width=\"180\" height=\"121\" \/><\/a>vasca termale, circondata dagli edifici realizzati da Bernardo Rossellino in onore di <strong>Pio II<\/strong> e dal loggiato dove sost\u00f2 <strong>Santa Caterina da Siena<\/strong>. Le terme furono frequentate fin dai tempi degli etruschi e dei romani, mentre oggi le acque termali sono raggiunte direttamente nel sottosuolo con una perforazione ed alimentano uno stabilimento termale, dove vengono utilizzate per le cure termali.<\/p>\n<p><strong><span style=\"text-decoration: underline;\">L\u2019ABBAZIA DI SANT\u2019ANTIMO<\/span> <\/strong><\/p>\n<p><strong>L\u2019abbazia di Sant\u2019Antimo<\/strong> \u00e8 un complesso monastico situato presso Castelnuovo dell\u2019Abate (Siena), all\u2019interno del comune di <strong>Montalcino<\/strong>. Si tratta di una delle architetture pi\u00f9 importanti del romanico toscano. Attualmente la <a rel=\"shadowbox[post-405];player=img;\" href=\"http:\/\/terre-di-toscana.com\/terreditoscana\/wp-content\/uploads\/2011\/01\/S_ANTIMO_01.jpg\"><img decoding=\"async\" loading=\"lazy\" title=\"S_ANTIMO_01\" src=\"http:\/\/terre-di-toscana.com\/terreditoscana\/wp-content\/uploads\/2011\/01\/S_ANTIMO_01.jpg\" alt=\"\" width=\"155\" height=\"106\" \/><\/a>comunit\u00e0 conta otto monaci, di diverse nazionalit\u00e0, perlopi\u00f9 italiana e francese. Le funzioni vengono celebrate in lingua latina e accompagnate con suggestivi <strong>canti in gregoriano<\/strong>.<\/p>\n<p><strong><span style=\"text-decoration: underline;\">L\u2019ABBAZIA DEL SS SALVATORE<\/span> <\/strong><\/p>\n<p>L\u2019Abbazia del SS Salvatore o Abbazia del Monte Amiata, fondata nel 743 dal longobardo Erfo (secondo la tradizione, dal re Rachis) e cresciuta rapidamente in potenza cos\u00ec da diventare la pi\u00f9 ricca della Toscana. La chiesa, ricostruita in forme romantiche nel 1036, ha facciata alta e stretta, animata da una trifora su colonnine e serrata entro due campanili (quello destro incompiuto) adorni di archetti pensili romantici. Di rilievo il grande Crocifisso ligneo, della seconda met\u00e0 del secolo XII. Le cappelle ai lati del presbiterio hanno affreschi di <a rel=\"shadowbox[post-405];player=img;\" href=\"http:\/\/terre-di-toscana.com\/terreditoscana\/wp-content\/uploads\/2011\/01\/ABBADIA_01.jpg\"><img decoding=\"async\" loading=\"lazy\" title=\"ABBADIA_01\" src=\"http:\/\/terre-di-toscana.com\/terreditoscana\/wp-content\/uploads\/2011\/01\/ABBADIA_01.jpg\" alt=\"\" width=\"181\" height=\"171\" \/><\/a>Francesco e Annibale Nasini. Sotto la crociera si trova la cosidetta \u201ccripta\u201d, ambiente del massimo interesse affollato di colonne (36 in tutto) notevolissime per forma, la decorazione e la variet\u00e0 dei capitelli. Risale ad epoca precedente la costruzione della chiesa, forse al secolo VIII, e poco si sa della sua primitiva funzione culturale. Ha pianta a croce greca e dei quattro bracci, tre sono originali e uno ricostruito. Da segnalare il museo, che raccoglie importanti manufatti provenienti dall\u2019Abbazia e dalla Madonna del Castagno: cofanetto-reliquiario di ambito scoto-irlandese del secolo VIII; busto-reliquiario della testa di San Marco Papa, datato 1381 e attribuito a Mariano d\u2019Angolo Romanelli; la grande casula di San Marco Papa, sciamito orientale databile tra il secolo VIII e IX; bordo istoriato, tessuto sassanide risalente al VII-X secolo; pavimento in maiolica policroma di manifattura seneseviterbese dell\u2019ultimo quarto del XV secolo; Copia Anastatica della Bibbia Amiatina.<\/p>\n<p><strong><span style=\"text-decoration: underline;\">LA ROCCA DI PIANCASTAGNAIO<\/span> <\/strong><\/p>\n<p><strong><a rel=\"shadowbox[post-405];player=img;\" href=\"http:\/\/terre-di-toscana.com\/terreditoscana\/wp-content\/uploads\/2011\/01\/PIANCA_01.jpg\"><img decoding=\"async\" loading=\"lazy\" title=\"PIANCA_01\" src=\"http:\/\/terre-di-toscana.com\/terreditoscana\/wp-content\/uploads\/2011\/01\/PIANCA_01.jpg\" alt=\"\" width=\"181\" height=\"106\" \/><\/a><\/strong>La Rocca Aldobrandesca di Piancastagnaio (XII secolo) \u00e8 uno dei simboli del paese amiatino. Possedimento senese nel 1400 successivamente destinata a prigione dai marchesi Bourbon del Monte.<\/p>\n<p><strong><span style=\"text-decoration: underline;\">LA ROCCA A TENTENNANO<\/span> <\/strong><\/p>\n<p>Si trova su uno sperone di roccia calcarea nel cuore della Val d\u2019Orcia. Costruita nel secolo XIII, come presidio sulla <a rel=\"shadowbox[post-405];player=img;\" href=\"http:\/\/terre-di-toscana.com\/terreditoscana\/wp-content\/uploads\/2011\/01\/TENTENNANO_01.jpg\"><img decoding=\"async\" loading=\"lazy\" title=\"TENTENNANO_01\" src=\"http:\/\/terre-di-toscana.com\/terreditoscana\/wp-content\/uploads\/2011\/01\/TENTENNANO_01.jpg\" alt=\"\" width=\"180\" height=\"110\" \/><\/a>sottostante Via Francigena, dalla sua sommit\u00e0 si gode uno splendido panorama. Ospita mostra ed esposizioni temporanee.<\/p>\n<p><strong><span style=\"text-decoration: underline;\">LA ROCCA DI RADICOFANI<\/span><\/strong><\/p>\n<p>La costruzione della Fortezza avvenne poco prima del mille, successivamente rafforzata dai Medici con bastioni in grado di resistere agli attacchi dell\u2019artiglieria. Il Museo, posto all\u2019interno del Cassero, custodisce reperti archeologici dall\u2019et\u00e0 etrusca al Cinquecento. Radicofani \u00e8 indissolubilmente legata al mito di Ghino di Tacco, che nel XIII secolo vi si rifugi\u00f2. Fu una storia di pirata di terra <a rel=\"shadowbox[post-405];player=img;\" href=\"http:\/\/terre-di-toscana.com\/terreditoscana\/wp-content\/uploads\/2011\/01\/RADICOFANI_01.jpg\"><img decoding=\"async\" loading=\"lazy\" title=\"RADICOFANI_01\" src=\"http:\/\/terre-di-toscana.com\/terreditoscana\/wp-content\/uploads\/2011\/01\/RADICOFANI_01.jpg\" alt=\"\" width=\"181\" height=\"125\" \/><\/a>che si prodigava in incursioni contro gli aldobrandeschi e ruberie ai pellegrini e ai mercanti in viaggio sulla Francigena. Deve la sua notoriet\u00e0, a due testimoni illustri come Dante e Boccaccio citato sia nel Purgatorio della Divina commedia<\/p>\n","protected":false},"excerpt":{"rendered":"<p>BAGNO VIGNONI Bagno Vignoni, immerso nella Val d\u2019Orcia, \u00e8 un borgo unico al mondo: la piazza centrale \u00e8 occupata da una grande vasca termale, circondata dagli edifici realizzati da Bernardo Rossellino in onore di Pio II e dal loggiato dove sost\u00f2 Santa Caterina da Siena. Le terme furono frequentate fin dai tempi degli etruschi e&hellip;<\/p>\n","protected":false},"author":1,"featured_media":0,"comment_status":"closed","ping_status":"open","sticky":false,"template":"","format":"standard","meta":[],"categories":[18],"tags":[],"_links":{"self":[{"href":"https:\/\/terre-di-toscana.com\/terreditoscana\/wp-json\/wp\/v2\/posts\/479"}],"collection":[{"href":"https:\/\/terre-di-toscana.com\/terreditoscana\/wp-json\/wp\/v2\/posts"}],"about":[{"href":"https:\/\/terre-di-toscana.com\/terreditoscana\/wp-json\/wp\/v2\/types\/post"}],"author":[{"embeddable":true,"href":"https:\/\/terre-di-toscana.com\/terreditoscana\/wp-json\/wp\/v2\/users\/1"}],"replies":[{"embeddable":true,"href":"https:\/\/terre-di-toscana.com\/terreditoscana\/wp-json\/wp\/v2\/comments?post=479"}],"version-history":[{"count":0,"href":"https:\/\/terre-di-toscana.com\/terreditoscana\/wp-json\/wp\/v2\/posts\/479\/revisions"}],"wp:attachment":[{"href":"https:\/\/terre-di-toscana.com\/terreditoscana\/wp-json\/wp\/v2\/media?parent=479"}],"wp:term":[{"taxonomy":"category","embeddable":true,"href":"https:\/\/terre-di-toscana.com\/terreditoscana\/wp-json\/wp\/v2\/categories?post=479"},{"taxonomy":"post_tag","embeddable":true,"href":"https:\/\/terre-di-toscana.com\/terreditoscana\/wp-json\/wp\/v2\/tags?post=479"}],"curies":[{"name":"wp","href":"https:\/\/api.w.org\/{rel}","templated":true}]}}