{"id":272,"date":"2017-06-01T12:00:33","date_gmt":"2017-06-01T10:00:33","guid":{"rendered":"http:\/\/www.terre-di-toscana.com\/?p=272"},"modified":"2017-06-01T12:00:33","modified_gmt":"2017-06-01T10:00:33","slug":"offerta-dei-censi-festa-medievale","status":"publish","type":"post","link":"https:\/\/terre-di-toscana.com\/terreditoscana\/offerta-dei-censi-festa-medievale\/","title":{"rendered":"L&#8217;Offerta dei Censi &#8211; Festa medievale 2\u00b0 week end di luglio 2017"},"content":{"rendered":"<p><img decoding=\"async\" alt=\"\" src=\"http:\/\/terre-di-toscana.com\/terreditoscana\/wp-content\/uploads\/2017\/06\/Foto-censi-1.jpg\" \/><\/p>\n<h1><strong>Con l\u2019Offerta dei censi: Abbadia San Salvatore rinnova una delle pi\u00f9 suggestive rievocazioni storiche italiane<\/strong><\/h1>\n<p style=\"text-align: justify;\"><img decoding=\"async\" alt=\"\" src=\"http:\/\/terre-di-toscana.com\/terreditoscana\/wp-content\/uploads\/2017\/06\/foto-censi-2.jpg\" \/>Con l\u2019<b><i>Offerta dei Censi<\/i><\/b>, Abbadia San Salvatore (Siena) rinnova una delle pi\u00f9 suggestive rievocazioni storiche italiane. Nel secondo fine settimana di luglio (venerd\u00ec 7, sabato 8 e domenica 9), la citt\u00e0 del Monte Amiata si tuffa nella storia, riscopre le sue origini e mette in scena una festa in costume, unica nel suo genere. Dame e cavalieri, mercanti e soldati tornano ad abitare l\u2019originario \u201cCastrum\u201d medievale offrendo un singolare spaccato della vita di quel tempo.<\/p>\n<p>Per tre giorni e tre notti nel cuore del caratteristico borgo si anima la vita dei \u201cterzieri\u201d: le taverne accolgono i viandanti mentre nelle strade rivivono arti e mestieri. Sfide, danze e spettacoli raccontano i fasti di quel medioevo che rese importante questa citt\u00e0: per le vie si muovono musicanti, cantori e giocolieri mentre nel vicino accampamento militare si susseguono competizioni e spettacoli con il fuoco.<\/p>\n<p><img decoding=\"async\" class=\"aligncenter\" alt=\"\" src=\"http:\/\/terre-di-toscana.com\/terreditoscana\/wp-content\/uploads\/2017\/06\/foto-censin-3.jpg\" \/><\/p>\n<p>Si prepara cos\u00ec l\u2019Offerta dei Censi recuperando una \u201cpratica\u201d spesso descritta nella ricca documentazione del secolo XIII, relativa ad Abbadia San Salvatore.<\/p>\n<p>Le carte parlano dei \u201ccensi in natura\u201d (ovvero prodotti locali) che venivano offerti al Monastero di San Salvatore dagli abitanti a sancire lo stretto rapporto tra la comunit\u00e0 del borgo e l\u2019imponente struttura monastica, ancora oggi una delle meraviglie che Abbadia offre al visitatore.<\/p>\n<p><img decoding=\"async\" alt=\"\" src=\"http:\/\/terre-di-toscana.com\/terreditoscana\/wp-content\/uploads\/2017\/06\/foto-censi-4.jpg\" \/>La rievocazione prender\u00e0 il via venerd\u00ec 7 luglio, quando i figuranti sfileranno dal cuore del paese fino al monastero per richiedere la concessione da parte dell\u2019abate dello svolgimento del mercato sabbatico. Quindi i Terzieri si animeranno con spettacoli, mercati e antichi mentre nei caratteristici vicoli resteranno aperte le taverne dove si potr\u00e0 cenare a base di prelibatezze locali.<\/p>\n<p>La festa raggiunger\u00e0 il suo momento cruciale domenica 9 luglio quando un ricco un corteo di fabbri, falegnami, tessitrici, lanaioli, abitanti del villaggio, guidato dal podest\u00e0, dai priori, dal camerlengo e dai membri dei terzieri si snoder\u00e0 per le vie del centro storico, lungo il tracciato della Francigena, fino a raggiungere l\u2019Abbazia, dove verr\u00e0 accolto dai rappresentanti ecclesiastici per l\u2019Offerta dei Censi. Quindi si svolger\u00e0 la \u201cGara delle portantine\u201d che concluder\u00e0 i Giochi dei Terzieri a cui seguiranno banchetti e musica fino a tarda notte.<\/p>\n<p>&nbsp;<\/p>\n<p>&nbsp;<\/p>\n<p><b>\u00a0<\/b><\/p>\n<p>&nbsp;<\/p>\n","protected":false},"excerpt":{"rendered":"<p>(2 notti \u2013 3 giorni) Festa Medievale, Apertura della festa, Il Banchetto, Le offerte. Cena medievale, giocolieri, animazione, mastri artigiani, corteo storico.<\/p>\n","protected":false},"author":1,"featured_media":3561,"comment_status":"closed","ping_status":"open","sticky":false,"template":"","format":"standard","meta":[],"categories":[2,12,19,20,32,39,40,42],"tags":[63,65,66,85,86,100,144,208,222,292,304,309,355,502,507,511],"_links":{"self":[{"href":"https:\/\/terre-di-toscana.com\/terreditoscana\/wp-json\/wp\/v2\/posts\/272"}],"collection":[{"href":"https:\/\/terre-di-toscana.com\/terreditoscana\/wp-json\/wp\/v2\/posts"}],"about":[{"href":"https:\/\/terre-di-toscana.com\/terreditoscana\/wp-json\/wp\/v2\/types\/post"}],"author":[{"embeddable":true,"href":"https:\/\/terre-di-toscana.com\/terreditoscana\/wp-json\/wp\/v2\/users\/1"}],"replies":[{"embeddable":true,"href":"https:\/\/terre-di-toscana.com\/terreditoscana\/wp-json\/wp\/v2\/comments?post=272"}],"version-history":[{"count":0,"href":"https:\/\/terre-di-toscana.com\/terreditoscana\/wp-json\/wp\/v2\/posts\/272\/revisions"}],"wp:featuredmedia":[{"embeddable":true,"href":"https:\/\/terre-di-toscana.com\/terreditoscana\/wp-json\/wp\/v2\/media\/3561"}],"wp:attachment":[{"href":"https:\/\/terre-di-toscana.com\/terreditoscana\/wp-json\/wp\/v2\/media?parent=272"}],"wp:term":[{"taxonomy":"category","embeddable":true,"href":"https:\/\/terre-di-toscana.com\/terreditoscana\/wp-json\/wp\/v2\/categories?post=272"},{"taxonomy":"post_tag","embeddable":true,"href":"https:\/\/terre-di-toscana.com\/terreditoscana\/wp-json\/wp\/v2\/tags?post=272"}],"curies":[{"name":"wp","href":"https:\/\/api.w.org\/{rel}","templated":true}]}}