{"id":266,"date":"2016-03-14T16:15:07","date_gmt":"2016-03-14T14:15:07","guid":{"rendered":"http:\/\/www.terre-di-toscana.com\/?p=266"},"modified":"2016-03-14T16:15:07","modified_gmt":"2016-03-14T14:15:07","slug":"fondazione-di-un-abbazia","status":"publish","type":"post","link":"https:\/\/terre-di-toscana.com\/terreditoscana\/fondazione-di-un-abbazia\/","title":{"rendered":"Fondazione di un&#8217;Abbazia"},"content":{"rendered":"<p>(4 notti &#8211; 5 giorni)<\/p>\n<p style=\"text-align: left;\"><strong>Tipologia di tour:<\/strong>Viaggio culturale \/Vacanza Studio \/ Itinerario religioso.<\/p>\n<p style=\"text-align: left;\"><strong>Luoghi interessati:<\/strong> Abbadia San Salvatore, Monte Oliveto Maggiore, Montalcino, Firenze, Pienza, Montepulciano, Amiata, Val d\u2019Orcia, Val di Chiana.<\/p>\n<p><strong><em>1\u00b0 giorno<\/em> <\/strong><\/p>\n<h4><strong>Incontro con il Medioevo<\/strong><\/h4>\n<h4><img decoding=\"async\" loading=\"lazy\" class=\"alignright  size-thumbnail wp-image-267\" title=\"5 Amiata i tesori_AFFRESCO\" alt=\"\" src=\"http:\/\/terre-di-toscana.com\/terreditoscana\/wp-content\/uploads\/2010\/07\/5-Amiata-i-tesori_AFFRESCO-120x120.jpg\" width=\"120\" height=\"120\" \/><\/h4>\n<p style=\"text-align: justify;\">Arrivo e sistemazione in hotel. Nel pomeriggio, incontro con l\u2019accompagnatore e breve <strong>corso di storia <\/strong>delle abbazie e degli ordini monacali. Dopo cena, le fasi fondamentali della storia locale. <strong>Letture da Boccaccio e Chaucer<\/strong>. Filmati e fotografie con musiche medievali. Introduzione al percorso.<\/p>\n<p><strong><em>2\u00b0 giorno<\/em><\/strong><\/p>\n<h4>Re Ratchis<\/h4>\n<p style=\"text-align: justify;\">L\u2019<strong>Abbazia del San Salvatore <\/strong>al Monte Amiata. Visita guidata all\u2019edificio e ai suoi tesori; storia e importanza dell\u2019Abbazia. La splendida cripta longobarda con il luogo in cui il Salvatore apparve a <strong>Re Ratchis<\/strong>, mitico fondatore, sulla cima di tre pini. (Cenni sulla visita all\u2019abbazia di <strong>papa Pio II<\/strong>). Visita al Borgo Medievale di Abbadia San Salvatore e alle sue case gotiche. Pranzo in hotel. Nel pomeriggio, visita alla Torre di <strong>Radicofani <\/strong>(compresi, in certi periodi dell\u2019anno, i suoi laboratori medievali e ricreazione delle arti e dei mestieri). <strong>Ghino di Tacco<\/strong>, il brigante gentiluomo, come \u00e8 descritto da Dante e da Boccaccio. Il controllo sulla Via Francigena. Dopo la cena in hotel corso di storia dell\u2019arte.<\/p>\n<p><strong><em>3\u00b0 giorno<\/em> <\/strong><\/p>\n<h4><strong>Il canto Gregor<\/strong><strong>iano <\/strong><\/h4>\n<p style=\"text-align: justify;\"><strong>Monte Oliveto Maggiore<\/strong>. Visita guidata. Gli affreschi del <strong>Sodoma <\/strong>e i laboratori dell\u2019abbazia (erboristeria, farmacia, libreria). La Regola di San Benedetto. La storia dell&#8217;abbazia di Monte Oliveto Maggiore inizia a Siena all&#8217;incirca nel 1313, quando alcuni amici decidono di ritirarsi dalla vita secolare in uno sperduto possedimento dei Tolomei a 36 km a sud della citt\u00e0, noto allora con il nome di Accona. Qui trascorrono anni di vita semi ascetica fino a quando nel 1319 furono riconosciuti come congregazione dal vescovo di Arezzo. La nuova Congregazione scelse di appartenere all&#8217;Ordine dei Benedettini seguendo la regola comunemente conosciuta come <em>ora et labora<\/em>. La visita inizia dalla Chiesa costruita nei primi del \u2018400, dove oltre a splendidi dipinti si possono ammirare statue e grandiose opere ad intarsio, quali il leggio del coro di <strong>fra Raffaele da Brescia <\/strong>(1520). Da qui si passa al Chiostro Grande, completamente affrescato da Luca <strong>Signorelli <\/strong>e da Antonio Bazzi detto il <strong>Sodoma<\/strong>; e dal chiostro si procede verso il refettorio, l\u2019aula capitolare e la grande biblioteca. Pranzo in un locale tipico di <strong>Buonconvento<\/strong>, nel centro medievale della citt\u00e0. Nel pomeriggio, visita all\u2019abbazia di <strong>Sant\u2019Antimo <\/strong>e alla cittadina di <strong>Montalcino<\/strong>, famosa per il suo vino <strong>Brunello<\/strong>. L\u2019abbazia di Sant\u2019Antimo sorge nella solitaria Valle Starcia; \u00e8 uno dei monumenti pi\u00f9 belli di stile romanico, probabilmente cistercense, con evidenti richiami ai modelli lombardi. Secondo una antica\u00a0 leggenda l&#8217;Abbazia \u00e8 sorta per volont\u00e0 dell&#8217;imperatore <strong>Carlo Magno <\/strong>nel 781. Si racconta che l&#8217;Imperatore e il suo seguito, di ritorno da Roma, nel transitare lungo la via Francigena, corsero il rischio di essere colpiti dall&#8217;epidemia di peste che imperversava nelle zone situate alle pendici del monte Amiata; l&#8217;Imperatore, in prossimit\u00e0 del fiume Starcia, fece un voto chiedendo grazia per se stesso e per la sua gente affinch\u00e9 il potente flagello cessasse; per la grazia ricevuta fond\u00f2 l&#8217;Abbazia di Sant&#8217;Antimo. Oggi, il luogo \u00e8 noto soprattutto, oltre che per la sua splendida posizione, per il Canto Gregoriano che i monaci effettuano durante le funzioni religiose. Cena a Montalcino con degustazione del vino Brunello e ritorno in hotel.<\/p>\n<p><strong><em>4\u00b0 giorno<\/em> <\/strong><\/p>\n<h4>Signor\u00eca<a href=\"http:\/\/terre-di-toscana.com\/terreditoscana\/wp-content\/uploads\/2010\/07\/5-Amiata-i-tesori_AFFRESCO2.jpg\"><img decoding=\"async\" loading=\"lazy\" class=\"alignright size-thumbnail wp-image-268\" title=\"5 Amiata i tesori_AFFRESCO2\" alt=\"\" src=\"http:\/\/terre-di-toscana.com\/terreditoscana\/wp-content\/uploads\/2010\/07\/5-Amiata-i-tesori_AFFRESCO2-120x120.jpg\" width=\"120\" height=\"120\" \/><\/a><\/h4>\n<p style=\"text-align: justify;\">In mattinata, partenza per <strong>Firenze <\/strong>e visita della <strong>Certosa<\/strong>, lo splendido monastero alle porte della citt\u00e0. La vita dei monaci (dai Certosini di un tempo ai cistercensi di oggi), i laboratori, le opere d\u2019arte e gli importanti dipinti di\u00a0 <strong>Pontormo<\/strong>. Sorto nella met\u00e0 del \u2018300 per volont\u00e0 di Niccol\u00f2 Acciaioli (personaggio di spicco nell\u2019ambiente politico ed economico della Firenze trecentesca), il complesso della Certosa \u00e8 non solo una testimonianza fondamentale della spiritualit\u00e0 certosina, ma anche uno dei luoghi pi\u00f9\u00a0 importanti per lo studio del Manierismo cinquecentesco. Il Pontormo infatti si trasfer\u00ec alla Certosa a causa dello scoppio dell\u2019epidemia di peste nel 1523. La solitudine e lo spirito ascetico che il pittore avvertiva nel monastero e le richieste dei certosini, lo avviarono verso quella che sar\u00e0 una svolta decisiva nella sua pittura: l\u2019abbandono dello stile bucolico e naturalistico di Poggio a Caiano e il passaggio da soggetti mitici e profani a rappresentazioni religiose di tipo drammatico. I cicli del\u00a0 Pontormo alla Certosa, come del Rosso a Volterra, coincidono con la diffusione delle idee della Riforma e delle dottrine di Erasmo, che determinarono l\u2019affermarsi nel primo manierismo di certe suggestioni antiretoriche, antinformali e anticlassiche. Negli affreschi della Certosa infatti le forme si alterano, si ampliano e si scarnificano; gli occhi incavati delle figure assumono espressioni attonite e spaventate, una forte tensione caratterizza tutte le scene. Pranzo in ristorante e nel pomeriggio tour di Firenze: la citt\u00e0 dei Medici. Visita al <strong>Duomo<\/strong>, alla <strong>Piazza della Signoria <\/strong>con il <strong>Palazzo Vecchio <\/strong>e ai luoghi pi\u00f9 rilevanti della citt\u00e0, con tempo libero per shopping. <strong>Il Ponte Vecchio<\/strong>, esterno di Palazzo Pitti, i mercatini del centro. Rientro all\u2019hotel per cena.<\/p>\n<p><strong><em>5\u00b0 giorno<\/em> <\/strong><\/p>\n<h4><strong>Rinasciment<\/strong><strong>o toscano<\/strong><\/h4>\n<p style=\"text-align: justify;\">Visita di <strong>Pienza<\/strong>, la citt\u00e0 rinascimentale fatta costruire da <strong>Papa Pio II<\/strong>, al secolo Enea Silvio Piccolomini, secondo le leggi dell\u2019Armonia e dell\u2019Equilibrio. Dalla vecchia <strong>pieve di Corsignano <\/strong>(preesistente alla citt\u00e0), si passer\u00e0 alla visita del <strong>Duomo <\/strong>e del palazzo di residenza del papa, con i suoi magnifici arredi (molti originali). Pranzo lungo il percorso. Nel pomeriggio, visita del tempio di <strong>San Biagio <\/strong>e della citt\u00e0 di <strong>Montepulciano<\/strong>, compresa la cattedrale di <strong>Sant\u2019Agnese<\/strong>. Citt\u00e0 natale del poeta rinascimentale <strong>Angelo Poliziano<\/strong>, che risplendette alla corte di Lorenzo dei Medici e fu tra i maggiori fautori della diffusione dell\u2019Umanesimo, Montepulciano \u00e8 una magnifica cittadina, situata nel cuore della Val di Chiana. Oltre che per le sue opere d\u2019arte, \u00e8 famosa anche per il suo vino, il <strong>Nobile di Montepulciano<\/strong>. Visita alle cantine. Partenza.<\/p>\n<div class=\"special-box\">\n<h2><strong>Cosa c\u2019\u00e8 di speciale?<\/strong><\/h2>\n<p style=\"text-align: justify;\">Monumenti tra i pi\u00f9 importanti della nostra civilt\u00e0 che raccontano una storia iniziata alla fine dell&#8217;impero romano e proseguita ininterrottamente fino ad oggi. L\u2019Abbazia del San Salvatore, le pietre laviche che trasudano secoli di fede, la messa in scena, durante l\u2019Offerta dei Censi, di un mondo che non esiste pi\u00f9 ma che ci ha trascinato inesorabilmente nel futuro.<\/p>\n<h2><strong>Quando: tutto l\u2019anno<\/strong><\/h2>\n<p style=\"text-align: justify;\"><strong>Fondazione di un\u2019abbazia: <\/strong>l\u2019itinerario verr\u00e0 svolto al raggiungimento di minimo di 20 persone.<\/p>\n<p style=\"text-align: justify;\"><strong>Festa Medievale <\/strong>&#8211; <strong>L\u2019Offerta dei Censi: <\/strong>2\u00b0 week end di luglio<\/p>\n<p style=\"text-align: justify;\">In piena autonomia si potr\u00e0 effettuare il programma, con la prenotazione di tutti i servizi: hotel, pasti, ingressi e noleggio attrezzature.<\/p>\n<\/div>\n<div class=\"special-box-due\">\n<h2><strong>La nostra offerta<\/strong><a href=\"http:\/\/terre-di-toscana.com\/terreditoscana\/wp-content\/uploads\/2010\/07\/5-Amiata-i-tesori_MANOSCRITTO.jpg\"><img decoding=\"async\" loading=\"lazy\" class=\"alignright size-medium wp-image-274\" title=\"5 Amiata i  tesori_MANOSCRITTO\" alt=\"\" src=\"http:\/\/terre-di-toscana.com\/terreditoscana\/wp-content\/uploads\/2010\/07\/5-Amiata-i-tesori_MANOSCRITTO-280x300.jpg\" width=\"280\" height=\"300\" \/><\/a><\/h2>\n<ul>\n<li><strong>Fondazione di un\u2019abbazia <\/strong>economy da euro 430<\/li>\n<li><strong>Fondazione di un\u2019abbazia <\/strong>luxury da euro 520<\/li>\n<li><strong>Per gruppi inferiori alle 20 persone quote su richiesta<\/strong><\/li>\n<li><strong>Offerta dei censi <\/strong>da euro 230<\/li>\n<li><strong>Per gruppi di minimo 15 persone quote su richiesta<\/strong><\/li>\n<\/ul>\n<p style=\"text-align: justify;\">Supplementi e riduzioni:<\/p>\n<ul>\n<li>Suppl. singola da euro 10 al giorno, Rid. 3\u00b0 letto adulto 10%, bambini 0\/2 gratuiti, bambini 2\/9 50%, bambini 9\/12 30%;<\/li>\n<li>Supplemento alta stagione (1\/8-20\/8 e 27\/12-3\/1) da euro 20 al giorno per persona.<\/li>\n<\/ul>\n<h2><strong>La nostra assistenza<\/strong><\/h2>\n<p style=\"text-align: justify;\">All\u2019arrivo il nostro assistente consegner\u00e0 mappe, voucher e tutto il materiale necessario allo svolgimento delle visite e delle escursioni.<\/p>\n<h2><strong>\u00c8 compreso<\/strong><\/h2>\n<p style=\"text-align: justify;\">Ingressi, corsi e visite guidate come da programma. Per il programma <strong>Economy<\/strong>: sistemazione in hotel 2\/3 stelle con trattamento di pensione completa dalla cena del primo giorno al pranzo dell\u2019ultimo e men\u00f9 turistici. Per il programma <strong>Luxury<\/strong>: sistemazione in hotel 3 stelle sup. o 4 stelle, agriturismo, palazzi d\u2019epoca con trattamento di pensione completa dalla cena del primo giorno al pranzo dell\u2019ultimo e men\u00f9 degustazione.<\/p>\n<p><strong>Non \u00e8 compreso<\/strong><\/p>\n<p style=\"text-align: justify;\">Le attivit\u00e0 indicate come facoltative, i trasferimenti, bevande ai pasti ed extra in genere.<\/p>\n<h3>CONSORZIO TERRE DI TOSCANA \u00a0Abbadia San Salvatore<\/h3>\n<p>Informazioni \u00a0 Tel. 0577 778324 \u00a0 &#8211; info@terreditoscana.net<\/p>\n<p>Copertura tecnica: Destriero Viaggi<\/p>\n<\/div>\n","protected":false},"excerpt":{"rendered":"<p>(4 notti &#8211; 5 giorni) Incontro con il Medioevo, Re Ratchis, Il canto Gregoriano, Signor\u00eca, Rinascimento toscano.<\/p>\n","protected":false},"author":1,"featured_media":267,"comment_status":"closed","ping_status":"open","sticky":false,"template":"","format":"standard","meta":[],"categories":[20,34,39,45],"tags":[],"_links":{"self":[{"href":"https:\/\/terre-di-toscana.com\/terreditoscana\/wp-json\/wp\/v2\/posts\/266"}],"collection":[{"href":"https:\/\/terre-di-toscana.com\/terreditoscana\/wp-json\/wp\/v2\/posts"}],"about":[{"href":"https:\/\/terre-di-toscana.com\/terreditoscana\/wp-json\/wp\/v2\/types\/post"}],"author":[{"embeddable":true,"href":"https:\/\/terre-di-toscana.com\/terreditoscana\/wp-json\/wp\/v2\/users\/1"}],"replies":[{"embeddable":true,"href":"https:\/\/terre-di-toscana.com\/terreditoscana\/wp-json\/wp\/v2\/comments?post=266"}],"version-history":[{"count":0,"href":"https:\/\/terre-di-toscana.com\/terreditoscana\/wp-json\/wp\/v2\/posts\/266\/revisions"}],"wp:featuredmedia":[{"embeddable":true,"href":"https:\/\/terre-di-toscana.com\/terreditoscana\/wp-json\/wp\/v2\/media\/267"}],"wp:attachment":[{"href":"https:\/\/terre-di-toscana.com\/terreditoscana\/wp-json\/wp\/v2\/media?parent=266"}],"wp:term":[{"taxonomy":"category","embeddable":true,"href":"https:\/\/terre-di-toscana.com\/terreditoscana\/wp-json\/wp\/v2\/categories?post=266"},{"taxonomy":"post_tag","embeddable":true,"href":"https:\/\/terre-di-toscana.com\/terreditoscana\/wp-json\/wp\/v2\/tags?post=266"}],"curies":[{"name":"wp","href":"https:\/\/api.w.org\/{rel}","templated":true}]}}