{"id":253,"date":"2014-08-07T17:27:47","date_gmt":"2014-08-07T15:27:47","guid":{"rendered":"http:\/\/www.terre-di-toscana.com\/?p=253"},"modified":"2014-08-07T17:27:47","modified_gmt":"2014-08-07T15:27:47","slug":"i-vecchi-poderi-in-mountain-bike-o-a-piedinordic-walking-2","status":"publish","type":"post","link":"https:\/\/terre-di-toscana.com\/terreditoscana\/i-vecchi-poderi-in-mountain-bike-o-a-piedinordic-walking-2\/","title":{"rendered":"\u201cTour delle Sorgenti\u201d in mountain bike o a piedi"},"content":{"rendered":"<h2 style=\"text-align: left;\">(2 notti &#8211; 3 giorni)<\/h2>\n<p style=\"text-align: justify;\">In questo Tour gli ospiti saranno seguiti da personale qualificato. Il Tour pu\u00f2 essere fatto anche individualmente con le mappe fornite dall\u2019organizzazione.<\/p>\n<h4><strong><img decoding=\"async\" loading=\"lazy\" class=\"size-thumbnail wp-image-1566 alignleft\" alt=\"Sorgenti vivo d'orcia\" src=\"http:\/\/terre-di-toscana.com\/terreditoscana\/wp-content\/uploads\/2013\/03\/acquavivo-120x120.jpg\" width=\"120\" height=\"120\" \/><\/strong><\/h4>\n<h4><\/h4>\n<h4><\/h4>\n<div><\/div>\n<div><\/div>\n<h2><em><strong>1\u00b0 giorno<\/strong><\/em><\/h2>\n<p>Arrivo e sistemazione nella struttura scelta. Cena con i piatti della tradizione locale.<\/p>\n<h2><em><strong>2\u00b0 giorno<\/strong><\/em><\/h2>\n<h4><strong>Le Sorgenti del Vivo &#8211; Informazioni sul percorso<\/strong><\/h4>\n<ul>\n<li>Lunghezza totale: 12,4 km<\/li>\n<li>Dislivello totale: 309 metri<\/li>\n<li>Difficolt\u00e0: medio-bassa<\/li>\n<\/ul>\n<p style=\"text-align: justify;\">Partenza dal Primo Rifugio verso <strong>Rifugio Capo Vetra<\/strong>, proseguimento per le Sorgenti del Vivo. Pranzo libero. Proseguimento dell\u2019escursione in direzione \u201cSasso Porta\u201d e rientro. Nel tardo pomeriggio visita alla <strong>Miniera<\/strong>: il museo minerario e alla Galleria livello VII, importanti testimonianze di un passato legato all\u2019 attivit\u00e0 estrattiva di una delle pi\u00f9 importanti miniere del mondo. Un ex minatore ci racconter\u00e0 le esperienze di vita vissuta e ci accompagner\u00e0 lungo il percorso. Chiuderemo il Tour con una degustazione di amari prodotti a base di erbe locali presso la distilleria. Rientro in hotel, dove dopo un po\u2019 di relax consumeremo una cena a base di prodotti tipici.<\/p>\n<h2><em><strong>3\u00b0 giorno<\/strong><\/em><\/h2>\n<h4 style=\"text-align: left;\"><strong>La Via dei Ruderi &#8211; <\/strong>Informazioni sul percorso<\/h4>\n<div id=\"attachment_581\" style=\"width: 130px\" class=\"wp-caption alignleft\"><img aria-describedby=\"caption-attachment-581\" decoding=\"async\" loading=\"lazy\" class=\"size-thumbnail wp-image-581\" alt=\"la faggeta\" src=\"http:\/\/terre-di-toscana.com\/terreditoscana\/wp-content\/uploads\/2011\/07\/Amiata_faggeta1-120x120.jpg\" width=\"120\" height=\"120\" \/><p id=\"caption-attachment-581\" class=\"wp-caption-text\">la faggeta<\/p><\/div>\n<ul>\n<li><\/li>\n<li>Lunghezza totale: 15,8 km<\/li>\n<li>Dislivello totale: 373 metri<\/li>\n<li>Difficolt\u00e0: media<\/li>\n<\/ul>\n<p style=\"text-align: justify;\">Prende il nome dai vari poderi che si incontrano lungo il tracciato, molto importanti in passato per la cura ed il mantenimento del bosco. Partenza dal museo minerario, e proseguimento per i Poderi Cipriana, Pozzaroni, Montarioso, S.Antonio e il Vallone in un percorso di media difficolt\u00e0 che si snoda in boschi di castagno e piccole abetaie. Nella via del ritorno incontreremo un antico insediamento detto \u201cIl Castello della Pertica\u201d. Pranzo libero. Nel pomeriggio rientro e partenza.<\/p>\n<div class=\"special-box\">\n<h2>Cosa c\u2019\u00e8 di speciale?<\/h2>\n<p style=\"text-align: justify;\">L\u2019aria purissima, l\u2019ambiente incontaminato, le strade e i vicoli medievali consentono agli appassionati di sport all\u2019aperto di cimentarsi in numerose attivit\u00e0: nordic walking, sci da fondo, tiro con l\u2019arco, podismo, MTB, equitazione con l\u2019eccezionale possibilit\u00e0 di farlo lungo le strade che furono percorse dai longobardi.<\/p>\n<h2>I servizi<\/h2>\n<ul>\n<li style=\"text-align: justify;\">Escursioni sulla neve con le ciaspole: sabato ore 21.00 e domenica ore 9.00, da dicembre a marzo euro 15;<\/li>\n<li style=\"text-align: justify;\">Noleggio mountain bike;<\/li>\n<li style=\"text-align: justify;\">Noleggio ciaspole.<\/li>\n<\/ul>\n<p style=\"text-align: justify;\">Il noleggio mette a disposizione un attrezzatissimo parco bici per le vostre escursioni e passeggiate sul Monte Amiata e nella Val d\u2019Orcia.<\/p>\n<h2><strong>Prezzi in euro<\/strong><\/h2>\n<table>\n<thead>\n<tr>\n<td><\/td>\n<td style=\"text-align: center;\"><strong>1 ora<\/strong><\/td>\n<td style=\"text-align: center;\"><strong>1\/2 giornata (4 ore)<\/strong><\/td>\n<td style=\"text-align: center;\"><strong>1 giorno<\/strong><\/td>\n<\/tr>\n<\/thead>\n<tbody>\n<tr>\n<td>biciclette mtb<\/td>\n<td style=\"text-align: center;\"><strong>3,00<\/strong><\/td>\n<td style=\"text-align: center;\"><strong>6,00<\/strong><\/td>\n<td style=\"text-align: center;\"><strong>9,00<\/strong><\/td>\n<\/tr>\n<tr>\n<td>mtb bambino<\/td>\n<td style=\"text-align: center;\"><strong>2,00 <\/strong><\/td>\n<td style=\"text-align: center;\"><strong>4,00<\/strong><\/td>\n<td style=\"text-align: center;\"><strong>7,00<\/strong><\/td>\n<\/tr>\n<tr>\n<td>navigatore gps<\/td>\n<td style=\"text-align: center;\"><strong>3,00 <\/strong><\/td>\n<td style=\"text-align: center;\"><strong>5,00<\/strong><\/td>\n<td style=\"text-align: center;\"><strong>6,00<\/strong><\/td>\n<\/tr>\n<\/tbody>\n<\/table>\n<p>Sconti speciali applicati per noleggi di pi\u00f9 giorni.<\/p>\n<h2>Quando: tutto l\u2019anno in libert\u00e0<\/h2>\n<h2 style=\"text-align: justify;\">Quota di partecipazione<\/h2>\n<p>A partire da Euro 144,00 a persona \u00a0(gruppi min. 8 pax)<\/p>\n<p>Comprende: 2 giorni trattamento di mezza pensione in hotel 3 stelle Abbadia San Salvatore, 1 pranzo, visita guidata alla miniera, accompagnatore qualificato lungo i percorsi<\/p>\n<p>Non comprende: I trasferimenti in loco e da e per il luogo di provenienza, tutto quanto non previsto ne la quota comprende, noleggio attrezzatura<\/p>\n<p>&nbsp;<\/p>\n<h4 align=\"center\"><strong>Info e Prenotazioni:<\/strong><\/h4>\n<h4 align=\"center\"><strong>Ufficio IAT TERRE SIENA di Abbadia San Salvatore<\/strong><br \/>\n<strong>Tel. 0577 775811\u00a0\u00a0 0577 241760 &#8211; e.mail infoamiata@terresiena.it<\/strong><\/h4>\n<p align=\"center\">copertura tecnica: Destriero Viaggi T.O.<\/p>\n<p>&nbsp;<\/p>\n<p>&nbsp;<\/p>\n<\/div>\n","protected":false},"excerpt":{"rendered":"<p>(2 notti &#8211; 3 giorni) In questo Tour gli ospiti saranno seguiti da personale qualificato. Il Tour pu\u00f2 essere fatto anche individualmente con le mappe fornite dall\u2019organizzazione. 1\u00b0 giorno Arrivo e sistemazione nella struttura scelta. Cena con i piatti della tradizione locale. 2\u00b0 giorno Le Sorgenti del Vivo &#8211; Informazioni sul percorso Lunghezza totale: 12,4&hellip;<\/p>\n","protected":false},"author":1,"featured_media":0,"comment_status":"closed","ping_status":"open","sticky":false,"template":"","format":"standard","meta":[],"categories":[20,38,43],"tags":[76,113,210,328,331,387,399,476,493,514],"_links":{"self":[{"href":"https:\/\/terre-di-toscana.com\/terreditoscana\/wp-json\/wp\/v2\/posts\/253"}],"collection":[{"href":"https:\/\/terre-di-toscana.com\/terreditoscana\/wp-json\/wp\/v2\/posts"}],"about":[{"href":"https:\/\/terre-di-toscana.com\/terreditoscana\/wp-json\/wp\/v2\/types\/post"}],"author":[{"embeddable":true,"href":"https:\/\/terre-di-toscana.com\/terreditoscana\/wp-json\/wp\/v2\/users\/1"}],"replies":[{"embeddable":true,"href":"https:\/\/terre-di-toscana.com\/terreditoscana\/wp-json\/wp\/v2\/comments?post=253"}],"version-history":[{"count":0,"href":"https:\/\/terre-di-toscana.com\/terreditoscana\/wp-json\/wp\/v2\/posts\/253\/revisions"}],"wp:attachment":[{"href":"https:\/\/terre-di-toscana.com\/terreditoscana\/wp-json\/wp\/v2\/media?parent=253"}],"wp:term":[{"taxonomy":"category","embeddable":true,"href":"https:\/\/terre-di-toscana.com\/terreditoscana\/wp-json\/wp\/v2\/categories?post=253"},{"taxonomy":"post_tag","embeddable":true,"href":"https:\/\/terre-di-toscana.com\/terreditoscana\/wp-json\/wp\/v2\/tags?post=253"}],"curies":[{"name":"wp","href":"https:\/\/api.w.org\/{rel}","templated":true}]}}