{"id":1721,"date":"2013-03-10T18:54:06","date_gmt":"2013-03-10T16:54:06","guid":{"rendered":"http:\/\/www.terre-di-toscana.com\/?p=1721"},"modified":"2013-03-10T18:54:06","modified_gmt":"2013-03-10T16:54:06","slug":"giardino-di-daniel-spoerri","status":"publish","type":"post","link":"https:\/\/terre-di-toscana.com\/terreditoscana\/giardino-di-daniel-spoerri\/","title":{"rendered":"Giardino di Daniel Spoerri"},"content":{"rendered":"<p>Il Giardino di Spoerri venne inaugurato nel 1991 da questo grande artista di cittadinanza svizzera ma di origine rumena. Vittima delle persecuzioni naziste, Daniel Spoerri \u00e8 arrivato all&#8217;arte attraverso la danza, il mimo, il teatro, \u00e8 stato poeta e scrittore, ha vissuto a New York, in un&#8217;isola greca, a D\u00fcsseldorf, nei dintorni di Parigi e in altre parti del mondo. Negli anni Novanta \u00e8 approdato sull\u2019Amiata dove ha dato vita al parco, che ha visto la luce grazie alla fondazione &#8220;Il Giardino di Daniel Spoerri. Hic Terminus Haeret&#8221;. Ispirato al Parco dei Mostri di Bomarzo, lo stravagante giardino cinquecentesco del Viterbese commissionato da Vicino Orsini, il Giardino si estende su 15 ettari. La natura, che affianca ampi spazi erbosi e rigogliosi boschetti, dialoga costantemente con le sculture in bronzo che l\u2019artista vi ha collocato. Le sculture compaiono man mano che si procede. Oltre alle opere di Spoerri, che sono aumentate nel corso degli anni, il Giardino mette in mostra anche sculture di Eva Aeppli, Eric Dietmann, Katharina Duwen, Alfonso Huppi, Bernhard Luginbuhl, Pavel Schmidt, Ester Seidel e Patrick Steiner, J.R.Soto, Jean Tinguely e Roland Topor. Non lontano, l\u2019altro grande giardino della Maremma, il Giardino dei Tarocchi di Niki de Saint Phalle, vero e proprio monumento alla memoria del compagno Tinguely, d\u00e0 l\u2019idea di una concezione completamente diversa dello spazio e dell\u2019 arte, ma ugualmente affascinante.<\/p>\n<table>\n<tbody>\n<tr>\n<td><strong>Via<\/strong><\/td>\n<td>Localit\u00e0 Giardino<\/td>\n<td><strong>Telefono<\/strong><\/td>\n<td>0564.950026<\/td>\n<\/tr>\n<tr>\n<td><strong>Fax<\/strong><\/td>\n<td>0564.950026<\/td>\n<td><strong>Sito<\/strong><\/td>\n<td><a href=\"http:\/\/www.danielspoerri.org\">Vai al sito<\/a><\/td>\n<\/tr>\n<\/tbody>\n<\/table>\n","protected":false},"excerpt":{"rendered":"<p>Il Giardino di Spoerri venne inaugurato nel 1991 da questo grande artista di cittadinanza svizzera ma di origine rumena. Vittima delle persecuzioni naziste, Daniel Spoerri \u00e8 arrivato all&#8217;arte attraverso la danza, il mimo, il teatro, \u00e8 stato poeta e scrittore, ha vissuto a New York, in un&#8217;isola greca, a D\u00fcsseldorf, nei dintorni di Parigi e&hellip;<\/p>\n","protected":false},"author":1,"featured_media":0,"comment_status":"closed","ping_status":"open","sticky":false,"template":"","format":"standard","meta":[],"categories":[29],"tags":[],"_links":{"self":[{"href":"https:\/\/terre-di-toscana.com\/terreditoscana\/wp-json\/wp\/v2\/posts\/1721"}],"collection":[{"href":"https:\/\/terre-di-toscana.com\/terreditoscana\/wp-json\/wp\/v2\/posts"}],"about":[{"href":"https:\/\/terre-di-toscana.com\/terreditoscana\/wp-json\/wp\/v2\/types\/post"}],"author":[{"embeddable":true,"href":"https:\/\/terre-di-toscana.com\/terreditoscana\/wp-json\/wp\/v2\/users\/1"}],"replies":[{"embeddable":true,"href":"https:\/\/terre-di-toscana.com\/terreditoscana\/wp-json\/wp\/v2\/comments?post=1721"}],"version-history":[{"count":0,"href":"https:\/\/terre-di-toscana.com\/terreditoscana\/wp-json\/wp\/v2\/posts\/1721\/revisions"}],"wp:attachment":[{"href":"https:\/\/terre-di-toscana.com\/terreditoscana\/wp-json\/wp\/v2\/media?parent=1721"}],"wp:term":[{"taxonomy":"category","embeddable":true,"href":"https:\/\/terre-di-toscana.com\/terreditoscana\/wp-json\/wp\/v2\/categories?post=1721"},{"taxonomy":"post_tag","embeddable":true,"href":"https:\/\/terre-di-toscana.com\/terreditoscana\/wp-json\/wp\/v2\/tags?post=1721"}],"curies":[{"name":"wp","href":"https:\/\/api.w.org\/{rel}","templated":true}]}}