{"id":1549,"date":"2013-03-04T12:35:05","date_gmt":"2013-03-04T10:35:05","guid":{"rendered":"http:\/\/www.terre-di-toscana.com\/?p=1549"},"modified":"2013-03-04T12:35:05","modified_gmt":"2013-03-04T10:35:05","slug":"lospitalita-dellamiata","status":"publish","type":"post","link":"https:\/\/terre-di-toscana.com\/terreditoscana\/lospitalita-dellamiata\/","title":{"rendered":"L&#8217;ospitalit\u00e0 dell&#8217;Amiata"},"content":{"rendered":"<p><img decoding=\"async\" loading=\"lazy\" class=\"alignleft size-full wp-image-1550\" alt=\"ospitalitaamiata\" src=\"http:\/\/terre-di-toscana.com\/terreditoscana\/wp-content\/uploads\/2013\/03\/ospitalitaamiata.jpg\" width=\"146\" height=\"202\" \/>Il viaggio di Pio II sul Monte Amiata fin\u00ec quando scoppi\u00f2 la peste ad Abbadia San Salvatore e il corteo dovette dirigersi in gran fretta a Pienza. Tuttavia \u2013 ed \u00e8 una bella nota di commiato, che ci riporta allo spirito rurale del nostro territorio \u2013 il pontefice non manc\u00f2 di segnare un piccolo aneddoto che gli era capitato di ritorno da Santa Fiora ad Abbadia.<\/p>\n<p><em>Tornando il Pontefice e passando tra gli armenti che pascolavano nei prati, un pastore che mai prima aveva visto il Papa rimase per un momento estatico ad ammirare le vesti dei cardinali e gli ornamenti dei porporati; e un attimo incerto chi fosse il Sommo Pontefice a cui mostrare la propria venerazione. Vista finalmente l\u2019aurea sedia, portata a spalla d\u2019uomo e circondata dai cavalieri, decise di onorare colui che vi era seduto e, munta una vacca che aveva vicino, riemp\u00ec di latte una sua ciotola nella quale soleva mangiare e bere lui stesso, e l\u2019offr\u00ec lieto al Pontefice, che supponeva dovesse aver sete in quel giorno di tanta calura. Al Pontefice venne in mente quel povero che al passaggio di Artaserse, re di Persia, offr\u00ec al sovrano l\u2019acqua raccolta nel cavo delle sue mani; sorrise e non sdegn\u00f2 di avvicinare alle labbra la tazza nera e unta, in atteggiamento di bere; la pass\u00f2 ai cardinali perch\u00e9 ne gustassero, per mostrare di gradire lo spontaneo omaggio dell\u2019umile e devoto uomo di campagna che aveva offerto quello che era la sua ricchezza pi\u00f9 cara; apprezz\u00f2 l\u2019animo generose, che, se le avesse avute, avrebbe senza dubbio offerto cose migliori.<br \/>\n<\/em><br \/>\nL\u2019atteggiamento dell\u2019Amiatino nei confronti dell\u2019ospite non \u00e8 oggi diverso da quello del pastore amiatino del Quattrocento incontrato da Enea Silvio Piccolomini nell\u2019estate del 1462. Nella pace incontrastata dei nostri campi, tra le pecore che ancora brucano l\u2019Amiata, chi si sofferma ad ascoltare il fruscio degli alberi e il silenzio della campagna incontrer\u00e0 di certo qualcuno dei contadini e dei pastori che ancora esistono, o magari il proprietario di un\u2019azienda agricola, che non mancher\u00e0, orgoglioso, di offrire in assaggio i prodotti del suo lavoro.<br \/>\nPio II sarebbe morto due anni dopo il suo soggiorno all\u2019abbazia del San Salvatore e, nel tentativo di salvare la propria salute, avrebbe fatto ricorso alle acque di Bagni di Petriolo, la sua stazione termale preferita: un ritorno alle acque che tanto aveva amato.<\/p>\n","protected":false},"excerpt":{"rendered":"<p>Il viaggio di Pio II sul Monte Amiata fin\u00ec quando scoppi\u00f2 la peste ad Abbadia San Salvatore e il corteo dovette dirigersi in gran fretta a Pienza. Tuttavia \u2013 ed \u00e8 una bella nota di commiato, che ci riporta allo spirito rurale del nostro territorio \u2013 il pontefice non manc\u00f2 di segnare un piccolo aneddoto&hellip;<\/p>\n","protected":false},"author":1,"featured_media":1550,"comment_status":"closed","ping_status":"open","sticky":false,"template":"","format":"standard","meta":[],"categories":[17],"tags":[],"_links":{"self":[{"href":"https:\/\/terre-di-toscana.com\/terreditoscana\/wp-json\/wp\/v2\/posts\/1549"}],"collection":[{"href":"https:\/\/terre-di-toscana.com\/terreditoscana\/wp-json\/wp\/v2\/posts"}],"about":[{"href":"https:\/\/terre-di-toscana.com\/terreditoscana\/wp-json\/wp\/v2\/types\/post"}],"author":[{"embeddable":true,"href":"https:\/\/terre-di-toscana.com\/terreditoscana\/wp-json\/wp\/v2\/users\/1"}],"replies":[{"embeddable":true,"href":"https:\/\/terre-di-toscana.com\/terreditoscana\/wp-json\/wp\/v2\/comments?post=1549"}],"version-history":[{"count":0,"href":"https:\/\/terre-di-toscana.com\/terreditoscana\/wp-json\/wp\/v2\/posts\/1549\/revisions"}],"wp:featuredmedia":[{"embeddable":true,"href":"https:\/\/terre-di-toscana.com\/terreditoscana\/wp-json\/wp\/v2\/media\/1550"}],"wp:attachment":[{"href":"https:\/\/terre-di-toscana.com\/terreditoscana\/wp-json\/wp\/v2\/media?parent=1549"}],"wp:term":[{"taxonomy":"category","embeddable":true,"href":"https:\/\/terre-di-toscana.com\/terreditoscana\/wp-json\/wp\/v2\/categories?post=1549"},{"taxonomy":"post_tag","embeddable":true,"href":"https:\/\/terre-di-toscana.com\/terreditoscana\/wp-json\/wp\/v2\/tags?post=1549"}],"curies":[{"name":"wp","href":"https:\/\/api.w.org\/{rel}","templated":true}]}}